{"id":8244,"date":"2024-06-04T19:36:41","date_gmt":"2024-06-04T17:36:41","guid":{"rendered":"https:\/\/agora.xtec.cat\/zer-pedrera\/?p=8244"},"modified":"2024-06-14T13:18:42","modified_gmt":"2024-06-14T11:18:42","slug":"zer-pedrera-les-colonies-a-dom-bosco","status":"publish","type":"post","link":"https:\/\/agora.xtec.cat\/zer-pedrera\/general\/zer-pedrera-les-colonies-a-dom-bosco\/","title":{"rendered":"ZER Pedrera. Les col\u00f2nies a Dom Bosco"},"content":{"rendered":"<p>Els dies 27 i 28 de maig tota la ZER Pedrera vam gaudir d&#8217;unes col\u00f2nies a l&#8217;id\u00edl.lic entorn de Dom Bosco. Voleu veure com s&#8217;ho van passar els alumnes? Doncs nom\u00e9s cal clicar damunt de la imatge.<\/p>\n<p><a href=\"https:\/\/photos.app.goo.gl\/Q4Z9Kwi4keQnxRrW7\" target=\"_blank\" rel=\"noopener\"><img loading=\"lazy\" decoding=\"async\" class=\"alignnone size-full wp-image-8246\" src=\"https:\/\/agora.xtec.cat\/zer-pedrera\/wp-content\/uploads\/usu1473\/2024\/06\/images.jpg\" alt=\"\" width=\"273\" height=\"185\" \/><\/a><\/p>\n<p>&nbsp;<\/p>\n<p>&nbsp;<\/p>\n","protected":false},"excerpt":{"rendered":"<p>Els dies 27 i 28 de maig tota la ZER Pedrera vam gaudir d&#8217;unes col\u00f2nies a l&#8217;id\u00edl.lic entorn de Dom Bosco. Voleu veure com s&#8217;ho van passar els alumnes? Doncs nom\u00e9s cal clicar damunt de la imatge.<br \/>\n<a href=\"https:\/\/photos.app.goo.gl\/Q4Z9Kwi4keQnxRrW7\" target=\"_blank\" rel=\"noopener\"><\/a><br \/>\n&nbsp;<br \/>\n&nbsp;<\/p>\n","protected":false},"author":1,"featured_media":8246,"comment_status":"open","ping_status":"closed","sticky":false,"template":"","format":"standard","meta":{"_bbp_topic_count":0,"_bbp_reply_count":0,"_bbp_total_topic_count":0,"_bbp_total_reply_count":0,"_bbp_voice_count":0,"_bbp_anonymous_reply_count":0,"_bbp_topic_count_hidden":0,"_bbp_reply_count_hidden":0,"_bbp_forum_subforum_count":0,"footnotes":""},"categories":[113,110,111,1,116,29,89],"tags":[],"class_list":["post-8244","post","type-post","status-publish","format-standard","has-post-thumbnail","hentry","category-e-infantil","category-escola-abat-ruera","category-escola-porcel-de-cervera","category-general","category-medi","category-portada","category-primaria"],"post_mailing_queue_ids":[],"_links":{"self":[{"href":"https:\/\/agora.xtec.cat\/zer-pedrera\/wp-json\/wp\/v2\/posts\/8244","targetHints":{"allow":["GET"]}}],"collection":[{"href":"https:\/\/agora.xtec.cat\/zer-pedrera\/wp-json\/wp\/v2\/posts"}],"about":[{"href":"https:\/\/agora.xtec.cat\/zer-pedrera\/wp-json\/wp\/v2\/types\/post"}],"author":[{"embeddable":true,"href":"https:\/\/agora.xtec.cat\/zer-pedrera\/wp-json\/wp\/v2\/users\/1"}],"replies":[{"embeddable":true,"href":"https:\/\/agora.xtec.cat\/zer-pedrera\/wp-json\/wp\/v2\/comments?post=8244"}],"version-history":[{"count":5,"href":"https:\/\/agora.xtec.cat\/zer-pedrera\/wp-json\/wp\/v2\/posts\/8244\/revisions"}],"predecessor-version":[{"id":8295,"href":"https:\/\/agora.xtec.cat\/zer-pedrera\/wp-json\/wp\/v2\/posts\/8244\/revisions\/8295"}],"wp:featuredmedia":[{"embeddable":true,"href":"https:\/\/agora.xtec.cat\/zer-pedrera\/wp-json\/wp\/v2\/media\/8246"}],"wp:attachment":[{"href":"https:\/\/agora.xtec.cat\/zer-pedrera\/wp-json\/wp\/v2\/media?parent=8244"}],"wp:term":[{"taxonomy":"category","embeddable":true,"href":"https:\/\/agora.xtec.cat\/zer-pedrera\/wp-json\/wp\/v2\/categories?post=8244"},{"taxonomy":"post_tag","embeddable":true,"href":"https:\/\/agora.xtec.cat\/zer-pedrera\/wp-json\/wp\/v2\/tags?post=8244"}],"curies":[{"name":"wp","href":"https:\/\/api.w.org\/{rel}","templated":true}]}}