{"id":8238,"date":"2024-06-03T19:59:56","date_gmt":"2024-06-03T17:59:56","guid":{"rendered":"https:\/\/agora.xtec.cat\/zer-pedrera\/?p=8238"},"modified":"2024-06-03T20:01:25","modified_gmt":"2024-06-03T18:01:25","slug":"zer-pedrera-ciencia-al-carrer-2024","status":"publish","type":"post","link":"https:\/\/agora.xtec.cat\/zer-pedrera\/general\/zer-pedrera-ciencia-al-carrer-2024\/","title":{"rendered":"ZER Pedrera. Ci\u00e8ncia al Carrer 2024"},"content":{"rendered":"<p>El dia 1 de juny, l&#8217;alumnat de Cicle Superior han participat en la Ci\u00e8ncia al Carrer. Es tracta d\u2019una fira en la qual divulgadors de la ci\u00e8ncia, empreses, docents i alumnat de tots els nivells mostren experiments de totes les disciplines cient\u00edfiques. Els veritables protagonistes s\u00f3n els joves de tots els nivells educatius que mostren i fan les explicacions dels seus projectes i treballs d&#8217;experimentaci\u00f3 cient\u00edfica.<\/p>\n<p>Aquesta fira el que vol \u00e9s despertar la curiositat pels fen\u00f2mens naturals i fomentar la inquietud per la recerca i l\u2019esperit cr\u00edtic a trav\u00e9s d\u2019exhibicions i demostracions de base cient\u00edfica.<\/p>\n<p><a href=\"https:\/\/photos.app.goo.gl\/58r9uY3CLvg4Yf9m6\" target=\"_blank\" rel=\"noopener\"><img loading=\"lazy\" decoding=\"async\" class=\"alignnone size-full wp-image-8241\" src=\"https:\/\/agora.xtec.cat\/zer-pedrera\/wp-content\/uploads\/usu1473\/2024\/06\/IMG-20240601-WA0068.jpg\" alt=\"\" width=\"300\" height=\"225\" srcset=\"https:\/\/agora.xtec.cat\/zer-pedrera\/wp-content\/uploads\/usu1473\/2024\/06\/IMG-20240601-WA0068.jpg 300w, https:\/\/agora.xtec.cat\/zer-pedrera\/wp-content\/uploads\/usu1473\/2024\/06\/IMG-20240601-WA0068-200x150.jpg 200w\" sizes=\"auto, (max-width: 300px) 100vw, 300px\" \/><\/a><\/p>\n<p>&nbsp;<\/p>\n","protected":false},"excerpt":{"rendered":"<p>El dia 1 de juny, l&#8217;alumnat de Cicle Superior han participat en la Ci\u00e8ncia al Carrer. Es tracta d\u2019una fira en la qual divulgadors de la ci\u00e8ncia, empreses, docents i alumnat de tots els nivells mostren experiments de totes les disciplines cient\u00edfiques. Els veritables protagonistes&hellip;  <a href=\"https:\/\/agora.xtec.cat\/zer-pedrera\/general\/zer-pedrera-ciencia-al-carrer-2024\/\" title=\"Read ZER Pedrera. Ci\u00e8ncia al Carrer 2024\">Llegeix m\u00e9s\u00bb<\/a><\/p>\n","protected":false},"author":1,"featured_media":8241,"comment_status":"open","ping_status":"closed","sticky":false,"template":"","format":"standard","meta":{"_bbp_topic_count":0,"_bbp_reply_count":0,"_bbp_total_topic_count":0,"_bbp_total_reply_count":0,"_bbp_voice_count":0,"_bbp_anonymous_reply_count":0,"_bbp_topic_count_hidden":0,"_bbp_reply_count_hidden":0,"_bbp_forum_subforum_count":0,"footnotes":""},"categories":[110,111,1,116,29,89,120],"tags":[],"class_list":["post-8238","post","type-post","status-publish","format-standard","has-post-thumbnail","hentry","category-escola-abat-ruera","category-escola-porcel-de-cervera","category-general","category-medi","category-portada","category-primaria","category-projectes"],"post_mailing_queue_ids":[],"_links":{"self":[{"href":"https:\/\/agora.xtec.cat\/zer-pedrera\/wp-json\/wp\/v2\/posts\/8238","targetHints":{"allow":["GET"]}}],"collection":[{"href":"https:\/\/agora.xtec.cat\/zer-pedrera\/wp-json\/wp\/v2\/posts"}],"about":[{"href":"https:\/\/agora.xtec.cat\/zer-pedrera\/wp-json\/wp\/v2\/types\/post"}],"author":[{"embeddable":true,"href":"https:\/\/agora.xtec.cat\/zer-pedrera\/wp-json\/wp\/v2\/users\/1"}],"replies":[{"embeddable":true,"href":"https:\/\/agora.xtec.cat\/zer-pedrera\/wp-json\/wp\/v2\/comments?post=8238"}],"version-history":[{"count":4,"href":"https:\/\/agora.xtec.cat\/zer-pedrera\/wp-json\/wp\/v2\/posts\/8238\/revisions"}],"predecessor-version":[{"id":8243,"href":"https:\/\/agora.xtec.cat\/zer-pedrera\/wp-json\/wp\/v2\/posts\/8238\/revisions\/8243"}],"wp:featuredmedia":[{"embeddable":true,"href":"https:\/\/agora.xtec.cat\/zer-pedrera\/wp-json\/wp\/v2\/media\/8241"}],"wp:attachment":[{"href":"https:\/\/agora.xtec.cat\/zer-pedrera\/wp-json\/wp\/v2\/media?parent=8238"}],"wp:term":[{"taxonomy":"category","embeddable":true,"href":"https:\/\/agora.xtec.cat\/zer-pedrera\/wp-json\/wp\/v2\/categories?post=8238"},{"taxonomy":"post_tag","embeddable":true,"href":"https:\/\/agora.xtec.cat\/zer-pedrera\/wp-json\/wp\/v2\/tags?post=8238"}],"curies":[{"name":"wp","href":"https:\/\/api.w.org\/{rel}","templated":true}]}}