{"id":8232,"date":"2024-06-03T21:11:52","date_gmt":"2024-06-03T19:11:52","guid":{"rendered":"https:\/\/agora.xtec.cat\/zer-pedrera\/?p=8232"},"modified":"2024-06-14T18:34:42","modified_gmt":"2024-06-14T16:34:42","slug":"taller-de-ioga-a-lescola-porcel-de-cervera","status":"publish","type":"post","link":"https:\/\/agora.xtec.cat\/zer-pedrera\/general\/taller-de-ioga-a-lescola-porcel-de-cervera\/","title":{"rendered":"Taller de ioga a l&#8217;escola Porcel de Cervera."},"content":{"rendered":"<p>Aquest passat dimecres, la mare de l\u2019Aran va venir a l&#8217;escola a fer una classe de yoga amb tot l&#8217;alumnat.<\/p>\n<p>Amb un somriure radiant i unes pilotes de yoga a la m\u00e0, va guiar els nostres infants a trav\u00e9s d\u2019una sessi\u00f3 divertida i enriquidora.<\/p>\n<p>En resum, el yoga infantil \u00e9s una oportunitat meravellosa perqu\u00e8 els nens aprenguin a connectar amb el seu cos, a relaxar-se i a gaudir del moment present. A m\u00e9s, \u00e9s una activitat que pot compartir-se en fam\u00edlia, afavorint els lla\u00e7os emocionals i la salut de tots. \ud83e\uddd8\u200d\u2642\ufe0f\ud83c\udf3c<\/p>\n<p>La visita de la M\u00f2nica va ser una experi\u00e8ncia inoblidable on vam poder gaudir de la pr\u00e0ctica de yoga.\u00a0 Esperem que continu\u00ef inspirant-nos amb la seva passi\u00f3 pel yoga i la seva energia positiva. \ud83e\uddd8\u200d\u2640\ufe0f\ud83c\udf1f<\/p>\n<p><a href=\"https:\/\/photos.app.goo.gl\/VsmEvb3XcZGyt6Uq8\" target=\"_blank\" rel=\"noopener\"><img loading=\"lazy\" decoding=\"async\" class=\"alignnone wp-image-8252 aligncenter\" src=\"https:\/\/agora.xtec.cat\/zer-pedrera\/wp-content\/uploads\/usu1473\/2024\/06\/foto-portada.jpg\" alt=\"\" width=\"118\" height=\"89\" srcset=\"https:\/\/agora.xtec.cat\/zer-pedrera\/wp-content\/uploads\/usu1473\/2024\/06\/foto-portada.jpg 1024w, https:\/\/agora.xtec.cat\/zer-pedrera\/wp-content\/uploads\/usu1473\/2024\/06\/foto-portada-300x226.jpg 300w, https:\/\/agora.xtec.cat\/zer-pedrera\/wp-content\/uploads\/usu1473\/2024\/06\/foto-portada-768x578.jpg 768w, https:\/\/agora.xtec.cat\/zer-pedrera\/wp-content\/uploads\/usu1473\/2024\/06\/foto-portada-200x150.jpg 200w\" sizes=\"auto, (max-width: 118px) 100vw, 118px\" \/><\/a><\/p>\n","protected":false},"excerpt":{"rendered":"<p>Aquest passat dimecres, la mare de l\u2019Aran va venir a l&#8217;escola a fer una classe de yoga amb tot l&#8217;alumnat.<br \/>\nAmb un somriure radiant i unes pilotes de yoga a la m\u00e0, va guiar els nostres infants a trav\u00e9s d\u2019una sessi\u00f3 divertida i enriquidora.<br \/>\nEn resum, el&hellip;  <a href=\"https:\/\/agora.xtec.cat\/zer-pedrera\/general\/taller-de-ioga-a-lescola-porcel-de-cervera\/\" title=\"Read Taller de ioga a l&#8217;escola Porcel de Cervera.\">Llegeix m\u00e9s\u00bb<\/a><\/p>\n","protected":false},"author":1,"featured_media":8252,"comment_status":"open","ping_status":"closed","sticky":false,"template":"","format":"standard","meta":{"_bbp_topic_count":0,"_bbp_reply_count":0,"_bbp_total_topic_count":0,"_bbp_total_reply_count":0,"_bbp_voice_count":0,"_bbp_anonymous_reply_count":0,"_bbp_topic_count_hidden":0,"_bbp_reply_count_hidden":0,"_bbp_forum_subforum_count":0,"footnotes":""},"categories":[111,1,29,89],"tags":[],"class_list":["post-8232","post","type-post","status-publish","format-standard","has-post-thumbnail","hentry","category-escola-porcel-de-cervera","category-general","category-portada","category-primaria"],"post_mailing_queue_ids":[],"_links":{"self":[{"href":"https:\/\/agora.xtec.cat\/zer-pedrera\/wp-json\/wp\/v2\/posts\/8232","targetHints":{"allow":["GET"]}}],"collection":[{"href":"https:\/\/agora.xtec.cat\/zer-pedrera\/wp-json\/wp\/v2\/posts"}],"about":[{"href":"https:\/\/agora.xtec.cat\/zer-pedrera\/wp-json\/wp\/v2\/types\/post"}],"author":[{"embeddable":true,"href":"https:\/\/agora.xtec.cat\/zer-pedrera\/wp-json\/wp\/v2\/users\/1"}],"replies":[{"embeddable":true,"href":"https:\/\/agora.xtec.cat\/zer-pedrera\/wp-json\/wp\/v2\/comments?post=8232"}],"version-history":[{"count":6,"href":"https:\/\/agora.xtec.cat\/zer-pedrera\/wp-json\/wp\/v2\/posts\/8232\/revisions"}],"predecessor-version":[{"id":8301,"href":"https:\/\/agora.xtec.cat\/zer-pedrera\/wp-json\/wp\/v2\/posts\/8232\/revisions\/8301"}],"wp:featuredmedia":[{"embeddable":true,"href":"https:\/\/agora.xtec.cat\/zer-pedrera\/wp-json\/wp\/v2\/media\/8252"}],"wp:attachment":[{"href":"https:\/\/agora.xtec.cat\/zer-pedrera\/wp-json\/wp\/v2\/media?parent=8232"}],"wp:term":[{"taxonomy":"category","embeddable":true,"href":"https:\/\/agora.xtec.cat\/zer-pedrera\/wp-json\/wp\/v2\/categories?post=8232"},{"taxonomy":"post_tag","embeddable":true,"href":"https:\/\/agora.xtec.cat\/zer-pedrera\/wp-json\/wp\/v2\/tags?post=8232"}],"curies":[{"name":"wp","href":"https:\/\/api.w.org\/{rel}","templated":true}]}}