{"id":8226,"date":"2024-06-03T21:41:48","date_gmt":"2024-06-03T19:41:48","guid":{"rendered":"https:\/\/agora.xtec.cat\/zer-pedrera\/?p=8226"},"modified":"2024-06-03T22:19:48","modified_gmt":"2024-06-03T20:19:48","slug":"jornada-esportiva","status":"publish","type":"post","link":"https:\/\/agora.xtec.cat\/zer-pedrera\/general\/jornada-esportiva\/","title":{"rendered":"Jornada Esportiva escola Porcel de Cervera."},"content":{"rendered":"<p>El passat 17 de maig, l\u2019alumnat de la nostra escola va viure una jornada esportiva plena d\u2019emocions, aprenentatges i diversi\u00f3. La trobada va comen\u00e7ar amb una cursa d\u2019orientaci\u00f3, on els nens i nenes van posar a prova les seves habilitats d&#8217;orientaci\u00f3 i resoluci\u00f3 d\u2019enigmes. Amb un mapa a la m\u00e0 , van haver de trobar diversos punts de control amagats per l&#8217;entorn de l&#8217;Espluga Calba.\u00a0Despr\u00e9s de la cursa d\u2019orientaci\u00f3, els i les alumnes es van reunir per compartir les seves experi\u00e8ncies i estrat\u00e8gies.<\/p>\n<p>La trobada esportiva no nom\u00e9s va ser una oportunitat per practicar esport, sin\u00f3 tamb\u00e9 per con\u00e8ixer millor els companys i companyes de l&#8217;escola practicant esport.<\/p>\n<p>Esperem repetir-la l\u2019any vinent i seguir creant records inoblidables amb tota la nostra comunitat escolar. \ud83d\udcaa\ud83c\udfc3\u200d\u2640\ufe0f\ud83c\udfc0\u26bd\ufe0f<\/p>\n<p><a href=\"https:\/\/photos.app.goo.gl\/2XU8dBcqgTdGramm7\">https:\/\/photos.app.goo.gl\/2XU8dBcqgTdGramm7<\/a><\/p>\n","protected":false},"excerpt":{"rendered":"<p>El passat 17 de maig, l\u2019alumnat de la nostra escola va viure una jornada esportiva plena d\u2019emocions, aprenentatges i diversi\u00f3. La trobada va comen\u00e7ar amb una cursa d\u2019orientaci\u00f3, on els nens i nenes van posar a prova les seves habilitats d&#8217;orientaci\u00f3 i resoluci\u00f3 d\u2019enigmes. Amb&hellip;  <a href=\"https:\/\/agora.xtec.cat\/zer-pedrera\/general\/jornada-esportiva\/\" title=\"Read Jornada Esportiva escola Porcel de Cervera.\">Llegeix m\u00e9s\u00bb<\/a><\/p>\n","protected":false},"author":1,"featured_media":8259,"comment_status":"open","ping_status":"closed","sticky":false,"template":"","format":"standard","meta":{"_bbp_topic_count":0,"_bbp_reply_count":0,"_bbp_total_topic_count":0,"_bbp_total_reply_count":0,"_bbp_voice_count":0,"_bbp_anonymous_reply_count":0,"_bbp_topic_count_hidden":0,"_bbp_reply_count_hidden":0,"_bbp_forum_subforum_count":0,"footnotes":""},"categories":[113,111,1,29,89],"tags":[],"class_list":["post-8226","post","type-post","status-publish","format-standard","has-post-thumbnail","hentry","category-e-infantil","category-escola-porcel-de-cervera","category-general","category-portada","category-primaria"],"post_mailing_queue_ids":[],"_links":{"self":[{"href":"https:\/\/agora.xtec.cat\/zer-pedrera\/wp-json\/wp\/v2\/posts\/8226","targetHints":{"allow":["GET"]}}],"collection":[{"href":"https:\/\/agora.xtec.cat\/zer-pedrera\/wp-json\/wp\/v2\/posts"}],"about":[{"href":"https:\/\/agora.xtec.cat\/zer-pedrera\/wp-json\/wp\/v2\/types\/post"}],"author":[{"embeddable":true,"href":"https:\/\/agora.xtec.cat\/zer-pedrera\/wp-json\/wp\/v2\/users\/1"}],"replies":[{"embeddable":true,"href":"https:\/\/agora.xtec.cat\/zer-pedrera\/wp-json\/wp\/v2\/comments?post=8226"}],"version-history":[{"count":3,"href":"https:\/\/agora.xtec.cat\/zer-pedrera\/wp-json\/wp\/v2\/posts\/8226\/revisions"}],"predecessor-version":[{"id":8261,"href":"https:\/\/agora.xtec.cat\/zer-pedrera\/wp-json\/wp\/v2\/posts\/8226\/revisions\/8261"}],"wp:featuredmedia":[{"embeddable":true,"href":"https:\/\/agora.xtec.cat\/zer-pedrera\/wp-json\/wp\/v2\/media\/8259"}],"wp:attachment":[{"href":"https:\/\/agora.xtec.cat\/zer-pedrera\/wp-json\/wp\/v2\/media?parent=8226"}],"wp:term":[{"taxonomy":"category","embeddable":true,"href":"https:\/\/agora.xtec.cat\/zer-pedrera\/wp-json\/wp\/v2\/categories?post=8226"},{"taxonomy":"post_tag","embeddable":true,"href":"https:\/\/agora.xtec.cat\/zer-pedrera\/wp-json\/wp\/v2\/tags?post=8226"}],"curies":[{"name":"wp","href":"https:\/\/api.w.org\/{rel}","templated":true}]}}