{"id":8099,"date":"2024-05-02T20:46:37","date_gmt":"2024-05-02T18:46:37","guid":{"rendered":"https:\/\/agora.xtec.cat\/zer-pedrera\/?p=8099"},"modified":"2024-06-14T18:42:23","modified_gmt":"2024-06-14T16:42:23","slug":"educacio-infantil-porcel-de-cervera-lampara-de-lava","status":"publish","type":"post","link":"https:\/\/agora.xtec.cat\/zer-pedrera\/general\/educacio-infantil-porcel-de-cervera-lampara-de-lava\/","title":{"rendered":"Educaci\u00f3 infantil Porcel de Cervera. L\u00e0mpara de lava"},"content":{"rendered":"<p><span style=\"font-weight: 400;\">La classe dels Cargols hem estat treballant l\u2019Arc de Sant Mart\u00ed. Hem vist que posant la classe ben a les fosques i utilitzant un cd i una ll\u00e0ntia el podiem veure al sostre, a les parets\u2026 I aix\u00f2 no ha acabat aqu\u00ed, sin\u00f3 que tamb\u00e9 hem jugat amb tots els colors de l\u2019Arc de Sant Mart\u00ed; amb diferents papers de colors hem mirat a trav\u00e9s d\u2019ells i ens ha agradat molt veure\u2019ns tots vermells, grocs\u2026! I finalment, vam posar pintura de colors en un paper i dins una bossa de pl\u00e0stic aix\u00ed vam poder barrejar-los amb les mans sense embrutar-nos.<\/span><\/p>\n<p><img loading=\"lazy\" decoding=\"async\" class=\"alignnone size-full wp-image-8137\" src=\"https:\/\/agora.xtec.cat\/zer-pedrera\/wp-content\/uploads\/usu1473\/2024\/05\/20240220_153148-rotated.jpg\" alt=\"\" width=\"400\" height=\"533\" srcset=\"https:\/\/agora.xtec.cat\/zer-pedrera\/wp-content\/uploads\/usu1473\/2024\/05\/20240220_153148-rotated.jpg 400w, https:\/\/agora.xtec.cat\/zer-pedrera\/wp-content\/uploads\/usu1473\/2024\/05\/20240220_153148-225x300.jpg 225w\" sizes=\"auto, (max-width: 400px) 100vw, 400px\" \/><\/p>\n<p>https:\/\/photos.app.goo.gl\/CpmB6kmKzMCaxY1NA<a href=\"https:\/\/photos.app.goo.gl\/CpmB6kmKzMCaxY1NA\" target=\"_blank\" rel=\"noopener\">https:\/\/photos.app.goo.gl\/CpmB6kmKzMCaxY1NA<\/a><\/p>\n<p>&nbsp;<\/p>\n","protected":false},"excerpt":{"rendered":"<p>La classe dels Cargols hem estat treballant l\u2019Arc de Sant Mart\u00ed. Hem vist que posant la classe ben a les fosques i utilitzant un cd i una ll\u00e0ntia el podiem veure al sostre, a les parets\u2026 I aix\u00f2 no ha acabat aqu\u00ed, sin\u00f3 que tamb\u00e9&hellip;  <a href=\"https:\/\/agora.xtec.cat\/zer-pedrera\/general\/educacio-infantil-porcel-de-cervera-lampara-de-lava\/\" title=\"Read Educaci\u00f3 infantil Porcel de Cervera. L\u00e0mpara de lava\">Llegeix m\u00e9s\u00bb<\/a><\/p>\n","protected":false},"author":1,"featured_media":8137,"comment_status":"open","ping_status":"closed","sticky":false,"template":"","format":"standard","meta":{"_bbp_topic_count":0,"_bbp_reply_count":0,"_bbp_total_topic_count":0,"_bbp_total_reply_count":0,"_bbp_voice_count":0,"_bbp_anonymous_reply_count":0,"_bbp_topic_count_hidden":0,"_bbp_reply_count_hidden":0,"_bbp_forum_subforum_count":0,"footnotes":""},"categories":[113,111,1,29],"tags":[],"class_list":["post-8099","post","type-post","status-publish","format-standard","has-post-thumbnail","hentry","category-e-infantil","category-escola-porcel-de-cervera","category-general","category-portada"],"post_mailing_queue_ids":[],"_links":{"self":[{"href":"https:\/\/agora.xtec.cat\/zer-pedrera\/wp-json\/wp\/v2\/posts\/8099","targetHints":{"allow":["GET"]}}],"collection":[{"href":"https:\/\/agora.xtec.cat\/zer-pedrera\/wp-json\/wp\/v2\/posts"}],"about":[{"href":"https:\/\/agora.xtec.cat\/zer-pedrera\/wp-json\/wp\/v2\/types\/post"}],"author":[{"embeddable":true,"href":"https:\/\/agora.xtec.cat\/zer-pedrera\/wp-json\/wp\/v2\/users\/1"}],"replies":[{"embeddable":true,"href":"https:\/\/agora.xtec.cat\/zer-pedrera\/wp-json\/wp\/v2\/comments?post=8099"}],"version-history":[{"count":5,"href":"https:\/\/agora.xtec.cat\/zer-pedrera\/wp-json\/wp\/v2\/posts\/8099\/revisions"}],"predecessor-version":[{"id":8305,"href":"https:\/\/agora.xtec.cat\/zer-pedrera\/wp-json\/wp\/v2\/posts\/8099\/revisions\/8305"}],"wp:featuredmedia":[{"embeddable":true,"href":"https:\/\/agora.xtec.cat\/zer-pedrera\/wp-json\/wp\/v2\/media\/8137"}],"wp:attachment":[{"href":"https:\/\/agora.xtec.cat\/zer-pedrera\/wp-json\/wp\/v2\/media?parent=8099"}],"wp:term":[{"taxonomy":"category","embeddable":true,"href":"https:\/\/agora.xtec.cat\/zer-pedrera\/wp-json\/wp\/v2\/categories?post=8099"},{"taxonomy":"post_tag","embeddable":true,"href":"https:\/\/agora.xtec.cat\/zer-pedrera\/wp-json\/wp\/v2\/tags?post=8099"}],"curies":[{"name":"wp","href":"https:\/\/api.w.org\/{rel}","templated":true}]}}