{"id":8075,"date":"2024-05-02T20:18:19","date_gmt":"2024-05-02T18:18:19","guid":{"rendered":"https:\/\/agora.xtec.cat\/zer-pedrera\/?p=8075"},"modified":"2024-06-14T13:50:11","modified_gmt":"2024-06-14T11:50:11","slug":"ei-i-ci-de-lescola-abat-ruera-taller-de-reciclatge","status":"publish","type":"post","link":"https:\/\/agora.xtec.cat\/zer-pedrera\/general\/ei-i-ci-de-lescola-abat-ruera-taller-de-reciclatge\/","title":{"rendered":"EI i CI de l&#8217;escola Abat Ruera. Taller de reciclatge"},"content":{"rendered":"<p>El dijous dia 25 d&#8217;abril, la Cristina, mare de dos alumnes de la nostra escola, va realitzar un taller sobre reciclatge, A trav\u00e9s de l&#8217;ECO i la seva hist\u00f2ria, la Cristina ens va endinsar en un m\u00f3n de jocs i reptes per aconseguir un n\u00famero secret per obrir un tresor. A partir dels reptes duts a terme, l&#8217;alumnat van aprendre els colors dels contenidors i quins envasos van en cadasc\u00fa d&#8217;ells.<\/p>\n<p>Va ser una activitat molt divertida i did\u00e0ctica. Hem de donar les gr\u00e0cies a la Cristina per la seva implicaci\u00f3 i per hores que va passar preparant aquest fant\u00e0stic taller. S&#8217;agraeix molt la col\u00b7laboraci\u00f3 de les fam\u00edlies en les activitats escolars.<\/p>\n<p>Per veure m\u00e9s fotografies clicar damunt de la imatge.<\/p>\n<p><a href=\"https:\/\/photos.app.goo.gl\/91KBLSPXh9raLmib7\" target=\"_blank\" rel=\"noopener\"><img loading=\"lazy\" decoding=\"async\" class=\"alignnone size-full wp-image-8079\" src=\"https:\/\/agora.xtec.cat\/zer-pedrera\/wp-content\/uploads\/usu1473\/2024\/04\/IMG-20240425-WA0045.jpg\" alt=\"\" width=\"400\" height=\"711\" srcset=\"https:\/\/agora.xtec.cat\/zer-pedrera\/wp-content\/uploads\/usu1473\/2024\/04\/IMG-20240425-WA0045.jpg 400w, https:\/\/agora.xtec.cat\/zer-pedrera\/wp-content\/uploads\/usu1473\/2024\/04\/IMG-20240425-WA0045-169x300.jpg 169w\" sizes=\"auto, (max-width: 400px) 100vw, 400px\" \/><\/a><\/p>\n","protected":false},"excerpt":{"rendered":"<p>El dijous dia 25 d&#8217;abril, la Cristina, mare de dos alumnes de la nostra escola, va realitzar un taller sobre reciclatge, A trav\u00e9s de l&#8217;ECO i la seva hist\u00f2ria, la Cristina ens va endinsar en un m\u00f3n de jocs i reptes per aconseguir un n\u00famero&hellip;  <a href=\"https:\/\/agora.xtec.cat\/zer-pedrera\/general\/ei-i-ci-de-lescola-abat-ruera-taller-de-reciclatge\/\" title=\"Read EI i CI de l&#8217;escola Abat Ruera. Taller de reciclatge\">Llegeix m\u00e9s\u00bb<\/a><\/p>\n","protected":false},"author":1,"featured_media":8079,"comment_status":"open","ping_status":"closed","sticky":false,"template":"","format":"standard","meta":{"_bbp_topic_count":0,"_bbp_reply_count":0,"_bbp_total_topic_count":0,"_bbp_total_reply_count":0,"_bbp_voice_count":0,"_bbp_anonymous_reply_count":0,"_bbp_topic_count_hidden":0,"_bbp_reply_count_hidden":0,"_bbp_forum_subforum_count":0,"footnotes":""},"categories":[113,110,1,116,29,89],"tags":[],"class_list":["post-8075","post","type-post","status-publish","format-standard","has-post-thumbnail","hentry","category-e-infantil","category-escola-abat-ruera","category-general","category-medi","category-portada","category-primaria"],"post_mailing_queue_ids":[],"_links":{"self":[{"href":"https:\/\/agora.xtec.cat\/zer-pedrera\/wp-json\/wp\/v2\/posts\/8075","targetHints":{"allow":["GET"]}}],"collection":[{"href":"https:\/\/agora.xtec.cat\/zer-pedrera\/wp-json\/wp\/v2\/posts"}],"about":[{"href":"https:\/\/agora.xtec.cat\/zer-pedrera\/wp-json\/wp\/v2\/types\/post"}],"author":[{"embeddable":true,"href":"https:\/\/agora.xtec.cat\/zer-pedrera\/wp-json\/wp\/v2\/users\/1"}],"replies":[{"embeddable":true,"href":"https:\/\/agora.xtec.cat\/zer-pedrera\/wp-json\/wp\/v2\/comments?post=8075"}],"version-history":[{"count":5,"href":"https:\/\/agora.xtec.cat\/zer-pedrera\/wp-json\/wp\/v2\/posts\/8075\/revisions"}],"predecessor-version":[{"id":8081,"href":"https:\/\/agora.xtec.cat\/zer-pedrera\/wp-json\/wp\/v2\/posts\/8075\/revisions\/8081"}],"wp:featuredmedia":[{"embeddable":true,"href":"https:\/\/agora.xtec.cat\/zer-pedrera\/wp-json\/wp\/v2\/media\/8079"}],"wp:attachment":[{"href":"https:\/\/agora.xtec.cat\/zer-pedrera\/wp-json\/wp\/v2\/media?parent=8075"}],"wp:term":[{"taxonomy":"category","embeddable":true,"href":"https:\/\/agora.xtec.cat\/zer-pedrera\/wp-json\/wp\/v2\/categories?post=8075"},{"taxonomy":"post_tag","embeddable":true,"href":"https:\/\/agora.xtec.cat\/zer-pedrera\/wp-json\/wp\/v2\/tags?post=8075"}],"curies":[{"name":"wp","href":"https:\/\/api.w.org\/{rel}","templated":true}]}}