{"id":8071,"date":"2024-05-02T20:17:59","date_gmt":"2024-05-02T18:17:59","guid":{"rendered":"https:\/\/agora.xtec.cat\/zer-pedrera\/?p=8071"},"modified":"2024-05-02T20:17:59","modified_gmt":"2024-05-02T18:17:59","slug":"cm-cs-de-lescola-abat-ruera-la-perspectiva-de-linies","status":"publish","type":"post","link":"https:\/\/agora.xtec.cat\/zer-pedrera\/general\/cm-cs-de-lescola-abat-ruera-la-perspectiva-de-linies\/","title":{"rendered":"CM\/CS de l&#8217;escola Abat Ruera. La perspectiva de l\u00ednies"},"content":{"rendered":"<p>En l&#8217;\u00e0rea d&#8217;Educaci\u00f3 Pl\u00e0stica els alumnes han treballat la perspectiva i el volum a trav\u00e9s de la utilitzaci\u00f3 de les l\u00ednies. Un dibuix on dos colors, el blanc i el negre, han ajudat a treballar els dos conceptes anteriorment anomenats.<\/p>\n<p><a href=\"https:\/\/agora.xtec.cat\/zer-pedrera\/wp-content\/uploads\/usu1473\/2024\/04\/IMG-20240424-WA0010.jpg\"><img loading=\"lazy\" decoding=\"async\" class=\"alignnone size-full wp-image-8073\" src=\"https:\/\/agora.xtec.cat\/zer-pedrera\/wp-content\/uploads\/usu1473\/2024\/04\/IMG-20240424-WA0010.jpg\" alt=\"\" width=\"164\" height=\"509\" srcset=\"https:\/\/agora.xtec.cat\/zer-pedrera\/wp-content\/uploads\/usu1473\/2024\/04\/IMG-20240424-WA0010.jpg 164w, https:\/\/agora.xtec.cat\/zer-pedrera\/wp-content\/uploads\/usu1473\/2024\/04\/IMG-20240424-WA0010-97x300.jpg 97w\" sizes=\"auto, (max-width: 164px) 100vw, 164px\" \/><\/a><\/p>\n","protected":false},"excerpt":{"rendered":"<p>En l&#8217;\u00e0rea d&#8217;Educaci\u00f3 Pl\u00e0stica els alumnes han treballat la perspectiva i el volum a trav\u00e9s de la utilitzaci\u00f3 de les l\u00ednies. Un dibuix on dos colors, el blanc i el negre, han ajudat a treballar els dos conceptes anteriorment anomenats.<br \/>\n<a href=\"https:\/\/agora.xtec.cat\/zer-pedrera\/wp-content\/uploads\/usu1473\/2024\/04\/IMG-20240424-WA0010.jpg\"><\/a><\/p>\n","protected":false},"author":1,"featured_media":8073,"comment_status":"open","ping_status":"closed","sticky":false,"template":"","format":"standard","meta":{"_bbp_topic_count":0,"_bbp_reply_count":0,"_bbp_total_topic_count":0,"_bbp_total_reply_count":0,"_bbp_voice_count":0,"_bbp_anonymous_reply_count":0,"_bbp_topic_count_hidden":0,"_bbp_reply_count_hidden":0,"_bbp_forum_subforum_count":0,"footnotes":""},"categories":[110,1,119,29,89],"tags":[],"class_list":["post-8071","post","type-post","status-publish","format-standard","has-post-thumbnail","hentry","category-escola-abat-ruera","category-general","category-plastica","category-portada","category-primaria"],"post_mailing_queue_ids":[],"_links":{"self":[{"href":"https:\/\/agora.xtec.cat\/zer-pedrera\/wp-json\/wp\/v2\/posts\/8071","targetHints":{"allow":["GET"]}}],"collection":[{"href":"https:\/\/agora.xtec.cat\/zer-pedrera\/wp-json\/wp\/v2\/posts"}],"about":[{"href":"https:\/\/agora.xtec.cat\/zer-pedrera\/wp-json\/wp\/v2\/types\/post"}],"author":[{"embeddable":true,"href":"https:\/\/agora.xtec.cat\/zer-pedrera\/wp-json\/wp\/v2\/users\/1"}],"replies":[{"embeddable":true,"href":"https:\/\/agora.xtec.cat\/zer-pedrera\/wp-json\/wp\/v2\/comments?post=8071"}],"version-history":[{"count":2,"href":"https:\/\/agora.xtec.cat\/zer-pedrera\/wp-json\/wp\/v2\/posts\/8071\/revisions"}],"predecessor-version":[{"id":8074,"href":"https:\/\/agora.xtec.cat\/zer-pedrera\/wp-json\/wp\/v2\/posts\/8071\/revisions\/8074"}],"wp:featuredmedia":[{"embeddable":true,"href":"https:\/\/agora.xtec.cat\/zer-pedrera\/wp-json\/wp\/v2\/media\/8073"}],"wp:attachment":[{"href":"https:\/\/agora.xtec.cat\/zer-pedrera\/wp-json\/wp\/v2\/media?parent=8071"}],"wp:term":[{"taxonomy":"category","embeddable":true,"href":"https:\/\/agora.xtec.cat\/zer-pedrera\/wp-json\/wp\/v2\/categories?post=8071"},{"taxonomy":"post_tag","embeddable":true,"href":"https:\/\/agora.xtec.cat\/zer-pedrera\/wp-json\/wp\/v2\/tags?post=8071"}],"curies":[{"name":"wp","href":"https:\/\/api.w.org\/{rel}","templated":true}]}}