{"id":8055,"date":"2024-04-26T09:48:02","date_gmt":"2024-04-26T07:48:02","guid":{"rendered":"https:\/\/agora.xtec.cat\/zer-pedrera\/?p=8055"},"modified":"2024-06-14T18:46:40","modified_gmt":"2024-06-14T16:46:40","slug":"escola-porcel-de-cervera-gestio-autonoma","status":"publish","type":"post","link":"https:\/\/agora.xtec.cat\/zer-pedrera\/general\/escola-porcel-de-cervera-gestio-autonoma\/","title":{"rendered":"Escola Porcel de Cervera. Gesti\u00f3 Aut\u00f2noma"},"content":{"rendered":"<p><span style=\"font-weight: 400;\">Aquest trimestre hem comen\u00e7at a descobrir la nostra comarca: Les Garrigues.<br \/>\nPrimer, abans de trobar la nostra comarca i l&#8217;Espluga Calba, \u00e9s important situar-les a la Terra.<br \/>\nHem apr\u00e8s que a la Terra hi ha 5 continents, per\u00f2 a nosaltres, el que ens interessa m\u00e9s \u00e9s Europa perqu\u00e8 \u00e9s on vivim, m\u00e9s concretament a Espanya i a Catalunya. A dins de Catalunya hi ha les Garrigues que \u00e9s una Comarca. Tamb\u00e9 hem conegut els 24 municipis de les Garrigues. Dins de les Garrigues hi ha l&#8217;Espluga Calba que \u00e9s on hi ha la nostra escola. Tot aix\u00f2 ho hem apr\u00e8s a trav\u00e9s d&#8217;un dossier on hem treballat de forma aut\u00f2noma i en grups petits per cercar per internet la informaci\u00f3 necess\u00e0ria per completar les activitats. I per acabar hem fet els cercles: Jo al m\u00f3n.<\/span><\/p>\n<p>Hem continuat aprenent sobre el paisatge a les Garrigues. Hem descobert que el nom de la nostra comarca prov\u00e9 de la garriga, una planta que estava per tot arreu fa molts anys.\u00a0<span class=\"hiddenGreenError\" style=\"padding-bottom: 2px; background-image: url('..\/..\/..\/..\/..\/images\/squiggle_green.png'); background-repeat: repeat-x; background-position: left bottom; cursor: default; color: #000000; font-family: 'Open Sans', Helvetica, Arial, sans-serif; font-size: 16px; font-style: normal; font-variant-ligatures: normal; font-variant-caps: normal; font-weight: 300; letter-spacing: normal; orphans: 2; text-align: start; text-indent: 0px; text-transform: none; widows: 2; word-spacing: 0px; -webkit-text-stroke-width: 0px; white-space: normal; text-decoration-thickness: initial; text-decoration-style: initial; text-decoration-color: initial;\">Hem<\/span>\u00a0vist que el paisatge no nom\u00e9s est\u00e0 format per arbres com el xop, sin\u00f3 que tamb\u00e9 per conreus com l&#8217;olivera i l&#8217;ametller, el riu Set, diferents pobles i edificis com la cabana de volta i els castells.<br \/>\nTot aix\u00f2 ho hem apr\u00e8s tots junts mirant diferents llibres que tenim a l&#8217;escola i sortint a descobrir l&#8217;entorn del poble visitant els arbres florits. Ho hem treballat en parelles amb un dossier i utilitzant els nostres ordinadors i hem finalitzat amb una targeta Pop-up. Ens encanta treballar aix\u00ed!<br \/>\nI un cop feta tota la feina ha estat hora de jugar amb jocs de\u00a0<span class=\"hiddenSpellError\">memory<\/span>, sopes de lletres i crucigrames. Quines ganes de continuar coneixent m\u00e9s coses de la nostra comarca!<\/p>\n<p>Per veure m\u00e9s fotografies clicar damunt de la imatge.<\/p>\n<p><a href=\"https:\/\/photos.app.goo.gl\/fqsLWYUCFsYxoXNPA\" target=\"_blank\" rel=\"noopener\"><img loading=\"lazy\" decoding=\"async\" class=\"alignnone size-full wp-image-8056\" src=\"https:\/\/agora.xtec.cat\/zer-pedrera\/wp-content\/uploads\/usu1473\/2024\/04\/WhatsApp-Image-2024-03-13-at-12.18.04-1.jpg\" alt=\"\" width=\"400\" height=\"180\" srcset=\"https:\/\/agora.xtec.cat\/zer-pedrera\/wp-content\/uploads\/usu1473\/2024\/04\/WhatsApp-Image-2024-03-13-at-12.18.04-1.jpg 400w, https:\/\/agora.xtec.cat\/zer-pedrera\/wp-content\/uploads\/usu1473\/2024\/04\/WhatsApp-Image-2024-03-13-at-12.18.04-1-300x135.jpg 300w\" sizes=\"auto, (max-width: 400px) 100vw, 400px\" \/><\/a><\/p>\n","protected":false},"excerpt":{"rendered":"<p>Aquest trimestre hem comen\u00e7at a descobrir la nostra comarca: Les Garrigues.<br \/>\nPrimer, abans de trobar la nostra comarca i l&#8217;Espluga Calba, \u00e9s important situar-les a la Terra.<br \/>\nHem apr\u00e8s que a la Terra hi ha 5 continents, per\u00f2 a nosaltres, el que ens interessa m\u00e9s \u00e9s Europa&hellip;  <a href=\"https:\/\/agora.xtec.cat\/zer-pedrera\/general\/escola-porcel-de-cervera-gestio-autonoma\/\" title=\"Read Escola Porcel de Cervera. Gesti\u00f3 Aut\u00f2noma\">Llegeix m\u00e9s\u00bb<\/a><\/p>\n","protected":false},"author":1,"featured_media":8056,"comment_status":"open","ping_status":"closed","sticky":false,"template":"","format":"standard","meta":{"_bbp_topic_count":0,"_bbp_reply_count":0,"_bbp_total_topic_count":0,"_bbp_total_reply_count":0,"_bbp_voice_count":0,"_bbp_anonymous_reply_count":0,"_bbp_topic_count_hidden":0,"_bbp_reply_count_hidden":0,"_bbp_forum_subforum_count":0,"footnotes":""},"categories":[111,1,29,89,120],"tags":[],"class_list":["post-8055","post","type-post","status-publish","format-standard","has-post-thumbnail","hentry","category-escola-porcel-de-cervera","category-general","category-portada","category-primaria","category-projectes"],"post_mailing_queue_ids":[],"_links":{"self":[{"href":"https:\/\/agora.xtec.cat\/zer-pedrera\/wp-json\/wp\/v2\/posts\/8055","targetHints":{"allow":["GET"]}}],"collection":[{"href":"https:\/\/agora.xtec.cat\/zer-pedrera\/wp-json\/wp\/v2\/posts"}],"about":[{"href":"https:\/\/agora.xtec.cat\/zer-pedrera\/wp-json\/wp\/v2\/types\/post"}],"author":[{"embeddable":true,"href":"https:\/\/agora.xtec.cat\/zer-pedrera\/wp-json\/wp\/v2\/users\/1"}],"replies":[{"embeddable":true,"href":"https:\/\/agora.xtec.cat\/zer-pedrera\/wp-json\/wp\/v2\/comments?post=8055"}],"version-history":[{"count":3,"href":"https:\/\/agora.xtec.cat\/zer-pedrera\/wp-json\/wp\/v2\/posts\/8055\/revisions"}],"predecessor-version":[{"id":8059,"href":"https:\/\/agora.xtec.cat\/zer-pedrera\/wp-json\/wp\/v2\/posts\/8055\/revisions\/8059"}],"wp:featuredmedia":[{"embeddable":true,"href":"https:\/\/agora.xtec.cat\/zer-pedrera\/wp-json\/wp\/v2\/media\/8056"}],"wp:attachment":[{"href":"https:\/\/agora.xtec.cat\/zer-pedrera\/wp-json\/wp\/v2\/media?parent=8055"}],"wp:term":[{"taxonomy":"category","embeddable":true,"href":"https:\/\/agora.xtec.cat\/zer-pedrera\/wp-json\/wp\/v2\/categories?post=8055"},{"taxonomy":"post_tag","embeddable":true,"href":"https:\/\/agora.xtec.cat\/zer-pedrera\/wp-json\/wp\/v2\/tags?post=8055"}],"curies":[{"name":"wp","href":"https:\/\/api.w.org\/{rel}","templated":true}]}}