{"id":8042,"date":"2024-04-26T09:52:22","date_gmt":"2024-04-26T07:52:22","guid":{"rendered":"https:\/\/agora.xtec.cat\/zer-pedrera\/?p=8042"},"modified":"2024-06-14T13:52:12","modified_gmt":"2024-06-14T11:52:12","slug":"zer-pedrera-teatre-i-audicio-musical","status":"publish","type":"post","link":"https:\/\/agora.xtec.cat\/zer-pedrera\/general\/zer-pedrera-teatre-i-audicio-musical\/","title":{"rendered":"ZER Pedrera. Teatre i audici\u00f3 musical"},"content":{"rendered":"<p>Com cada curs escolar l&#8217;alumnat de Prim\u00e0ria de la nostra ZER ha participat en el teatre d&#8217;angl\u00e8s i l&#8217;audici\u00f3 musical que gestiona el Centre de Recursos de les Garrigues. Les activitats s&#8217;han realitzat en dos dies diferents, El primer ha estat el dia 9 d&#8217;abril i ha estat dirigit a l&#8217;alumnat de 4t, 5\u00e8 i 6\u00e8 i el segon dia ha estat el 19 d&#8217;abril i ha estat per l&#8217;alumnat de 1r, 2n i 3r.<\/p>\n<p>L&#8217;alumnat s&#8217;ho ha passat d&#8217;all\u00f2 m\u00e9s b\u00e9. Han gaudit molt\u00edssim, tant amb la funci\u00f3 teatral com amb les danses de l&#8217;audici\u00f3 musical.<\/p>\n<p>Per veure m\u00e9s fotografies clicar damunt de la imatge.<\/p>\n<p><a href=\"https:\/\/photos.app.goo.gl\/V8z3dHs9yr5GrLwX6\" target=\"_blank\" rel=\"noopener\"><img loading=\"lazy\" decoding=\"async\" class=\"alignnone size-full wp-image-8044\" src=\"https:\/\/agora.xtec.cat\/zer-pedrera\/wp-content\/uploads\/usu1473\/2024\/04\/Treasure_Island_1.jpg\" alt=\"\" width=\"400\" height=\"267\" srcset=\"https:\/\/agora.xtec.cat\/zer-pedrera\/wp-content\/uploads\/usu1473\/2024\/04\/Treasure_Island_1.jpg 400w, https:\/\/agora.xtec.cat\/zer-pedrera\/wp-content\/uploads\/usu1473\/2024\/04\/Treasure_Island_1-300x200.jpg 300w\" sizes=\"auto, (max-width: 400px) 100vw, 400px\" \/><\/a><\/p>\n<p>&nbsp;<\/p>\n<p>&nbsp;<\/p>\n","protected":false},"excerpt":{"rendered":"<p>Com cada curs escolar l&#8217;alumnat de Prim\u00e0ria de la nostra ZER ha participat en el teatre d&#8217;angl\u00e8s i l&#8217;audici\u00f3 musical que gestiona el Centre de Recursos de les Garrigues. Les activitats s&#8217;han realitzat en dos dies diferents, El primer ha estat el dia 9 d&#8217;abril&hellip;  <a href=\"https:\/\/agora.xtec.cat\/zer-pedrera\/general\/zer-pedrera-teatre-i-audicio-musical\/\" title=\"Read ZER Pedrera. Teatre i audici\u00f3 musical\">Llegeix m\u00e9s\u00bb<\/a><\/p>\n","protected":false},"author":1,"featured_media":8044,"comment_status":"open","ping_status":"closed","sticky":false,"template":"","format":"standard","meta":{"_bbp_topic_count":0,"_bbp_reply_count":0,"_bbp_total_topic_count":0,"_bbp_total_reply_count":0,"_bbp_voice_count":0,"_bbp_anonymous_reply_count":0,"_bbp_topic_count_hidden":0,"_bbp_reply_count_hidden":0,"_bbp_forum_subforum_count":0,"footnotes":""},"categories":[123,110,111,1,117,29,89],"tags":[],"class_list":["post-8042","post","type-post","status-publish","format-standard","has-post-thumbnail","hentry","category-angles","category-escola-abat-ruera","category-escola-porcel-de-cervera","category-general","category-musica","category-portada","category-primaria"],"post_mailing_queue_ids":[],"_links":{"self":[{"href":"https:\/\/agora.xtec.cat\/zer-pedrera\/wp-json\/wp\/v2\/posts\/8042","targetHints":{"allow":["GET"]}}],"collection":[{"href":"https:\/\/agora.xtec.cat\/zer-pedrera\/wp-json\/wp\/v2\/posts"}],"about":[{"href":"https:\/\/agora.xtec.cat\/zer-pedrera\/wp-json\/wp\/v2\/types\/post"}],"author":[{"embeddable":true,"href":"https:\/\/agora.xtec.cat\/zer-pedrera\/wp-json\/wp\/v2\/users\/1"}],"replies":[{"embeddable":true,"href":"https:\/\/agora.xtec.cat\/zer-pedrera\/wp-json\/wp\/v2\/comments?post=8042"}],"version-history":[{"count":4,"href":"https:\/\/agora.xtec.cat\/zer-pedrera\/wp-json\/wp\/v2\/posts\/8042\/revisions"}],"predecessor-version":[{"id":8082,"href":"https:\/\/agora.xtec.cat\/zer-pedrera\/wp-json\/wp\/v2\/posts\/8042\/revisions\/8082"}],"wp:featuredmedia":[{"embeddable":true,"href":"https:\/\/agora.xtec.cat\/zer-pedrera\/wp-json\/wp\/v2\/media\/8044"}],"wp:attachment":[{"href":"https:\/\/agora.xtec.cat\/zer-pedrera\/wp-json\/wp\/v2\/media?parent=8042"}],"wp:term":[{"taxonomy":"category","embeddable":true,"href":"https:\/\/agora.xtec.cat\/zer-pedrera\/wp-json\/wp\/v2\/categories?post=8042"},{"taxonomy":"post_tag","embeddable":true,"href":"https:\/\/agora.xtec.cat\/zer-pedrera\/wp-json\/wp\/v2\/tags?post=8042"}],"curies":[{"name":"wp","href":"https:\/\/api.w.org\/{rel}","templated":true}]}}