{"id":8031,"date":"2024-04-26T09:49:57","date_gmt":"2024-04-26T07:49:57","guid":{"rendered":"https:\/\/agora.xtec.cat\/zer-pedrera\/?p=8031"},"modified":"2024-06-14T13:56:24","modified_gmt":"2024-06-14T11:56:24","slug":"zer-pedrera-taller-de-menstruacio","status":"publish","type":"post","link":"https:\/\/agora.xtec.cat\/zer-pedrera\/general\/zer-pedrera-taller-de-menstruacio\/","title":{"rendered":"ZER Pedrera. Taller de menstruaci\u00f3"},"content":{"rendered":"<p>El dia 11 d&#8217;abril, l&#8217;alumnat de 5\u00e8 i 6\u00e8 de la nostra ZER han pogut gaudir d&#8217;un taller totalment gratu\u00eft i subvencionat pel Consell Comarcal de les Garrigues. Aquest taller ha servit per normalitzar la menstruaci\u00f3 i rebre tota la informaci\u00f3 biol\u00f2gica d&#8217;aquest proc\u00e9s.<\/p>\n<p>Per veure les fotografies de l&#8217;escola Porcel de Cervera clicar <a href=\"https:\/\/photos.app.goo.gl\/i5tQnNNWZ2CHXgVc7\" target=\"_blank\" rel=\"noopener\">AQU\u00cd<\/a><\/p>\n<p>Per veure les fotografies de l&#8217;escola Abat Ruera clicar <a href=\"https:\/\/photos.app.goo.gl\/nYvu2q9opgL3neJD9\" target=\"_blank\" rel=\"noopener\">AQU\u00cd<\/a><\/p>\n<p><a href=\"https:\/\/agora.xtec.cat\/zer-pedrera\/wp-content\/uploads\/usu1473\/2024\/04\/utero-439041633892844-506705.png\"><img loading=\"lazy\" decoding=\"async\" class=\"alignnone size-full wp-image-8033\" src=\"https:\/\/agora.xtec.cat\/zer-pedrera\/wp-content\/uploads\/usu1473\/2024\/04\/utero-439041633892844-506705.png\" alt=\"\" width=\"513\" height=\"490\" srcset=\"https:\/\/agora.xtec.cat\/zer-pedrera\/wp-content\/uploads\/usu1473\/2024\/04\/utero-439041633892844-506705.png 513w, https:\/\/agora.xtec.cat\/zer-pedrera\/wp-content\/uploads\/usu1473\/2024\/04\/utero-439041633892844-506705-300x287.png 300w\" sizes=\"auto, (max-width: 513px) 100vw, 513px\" \/><\/a><\/p>\n<p>&nbsp;<\/p>\n","protected":false},"excerpt":{"rendered":"<p>El dia 11 d&#8217;abril, l&#8217;alumnat de 5\u00e8 i 6\u00e8 de la nostra ZER han pogut gaudir d&#8217;un taller totalment gratu\u00eft i subvencionat pel Consell Comarcal de les Garrigues. Aquest taller ha servit per normalitzar la menstruaci\u00f3 i rebre tota la informaci\u00f3 biol\u00f2gica d&#8217;aquest proc\u00e9s.<br \/>\nPer veure&hellip;  <a href=\"https:\/\/agora.xtec.cat\/zer-pedrera\/general\/zer-pedrera-taller-de-menstruacio\/\" title=\"Read ZER Pedrera. Taller de menstruaci\u00f3\">Llegeix m\u00e9s\u00bb<\/a><\/p>\n","protected":false},"author":1,"featured_media":8033,"comment_status":"open","ping_status":"closed","sticky":false,"template":"","format":"standard","meta":{"_bbp_topic_count":0,"_bbp_reply_count":0,"_bbp_total_topic_count":0,"_bbp_total_reply_count":0,"_bbp_voice_count":0,"_bbp_anonymous_reply_count":0,"_bbp_topic_count_hidden":0,"_bbp_reply_count_hidden":0,"_bbp_forum_subforum_count":0,"footnotes":""},"categories":[110,111,1,116,29,89],"tags":[],"class_list":["post-8031","post","type-post","status-publish","format-standard","has-post-thumbnail","hentry","category-escola-abat-ruera","category-escola-porcel-de-cervera","category-general","category-medi","category-portada","category-primaria"],"post_mailing_queue_ids":[],"_links":{"self":[{"href":"https:\/\/agora.xtec.cat\/zer-pedrera\/wp-json\/wp\/v2\/posts\/8031","targetHints":{"allow":["GET"]}}],"collection":[{"href":"https:\/\/agora.xtec.cat\/zer-pedrera\/wp-json\/wp\/v2\/posts"}],"about":[{"href":"https:\/\/agora.xtec.cat\/zer-pedrera\/wp-json\/wp\/v2\/types\/post"}],"author":[{"embeddable":true,"href":"https:\/\/agora.xtec.cat\/zer-pedrera\/wp-json\/wp\/v2\/users\/1"}],"replies":[{"embeddable":true,"href":"https:\/\/agora.xtec.cat\/zer-pedrera\/wp-json\/wp\/v2\/comments?post=8031"}],"version-history":[{"count":2,"href":"https:\/\/agora.xtec.cat\/zer-pedrera\/wp-json\/wp\/v2\/posts\/8031\/revisions"}],"predecessor-version":[{"id":8034,"href":"https:\/\/agora.xtec.cat\/zer-pedrera\/wp-json\/wp\/v2\/posts\/8031\/revisions\/8034"}],"wp:featuredmedia":[{"embeddable":true,"href":"https:\/\/agora.xtec.cat\/zer-pedrera\/wp-json\/wp\/v2\/media\/8033"}],"wp:attachment":[{"href":"https:\/\/agora.xtec.cat\/zer-pedrera\/wp-json\/wp\/v2\/media?parent=8031"}],"wp:term":[{"taxonomy":"category","embeddable":true,"href":"https:\/\/agora.xtec.cat\/zer-pedrera\/wp-json\/wp\/v2\/categories?post=8031"},{"taxonomy":"post_tag","embeddable":true,"href":"https:\/\/agora.xtec.cat\/zer-pedrera\/wp-json\/wp\/v2\/tags?post=8031"}],"curies":[{"name":"wp","href":"https:\/\/api.w.org\/{rel}","templated":true}]}}