{"id":7938,"date":"2024-04-19T13:11:10","date_gmt":"2024-04-19T11:11:10","guid":{"rendered":"https:\/\/agora.xtec.cat\/zer-pedrera\/?p=7938"},"modified":"2024-06-14T14:00:07","modified_gmt":"2024-06-14T12:00:07","slug":"zer-pedrera-taller-arts-esceniques","status":"publish","type":"post","link":"https:\/\/agora.xtec.cat\/zer-pedrera\/general\/zer-pedrera-taller-arts-esceniques\/","title":{"rendered":"ZER Pedrera. Taller Arts Esc\u00e8niques"},"content":{"rendered":"<p style=\"text-align: left;\">El primer dia del tercer trimestre l&#8217;alumnat de la nostra ZER va comen\u00e7ar amb una activitat totalment diferent. Van poder gaudir d&#8217;unes obres on el m\u00f3n del teatre era l&#8217;ess\u00e8ncia de l&#8217;activitat. El m\u00f3n de les ombres xineses i de les titelles van transportar al nostre alumnat a un m\u00f3n d&#8217;imaginaci\u00f3.<\/p>\n<p>P<span style=\"font-family: inherit; font-size: 1em; text-align: right;\">er veure les fotografies de l&#8217;escola Porcel de Cervera clicar <a href=\"https:\/\/photos.app.goo.gl\/DHzV3rntgdB21kgn6\" target=\"_blank\" rel=\"noopener\">AQU\u00cd<\/a><\/span><\/p>\n<p>Per veure les fotografies de l&#8217;escola Abat Ruera clicar AQU\u00cd<a href=\"https:\/\/photos.app.goo.gl\/hwQPai2QS7oudExk8\" target=\"_blank\" rel=\"noopener\">https:\/\/photos.app.goo.gl\/hwQPai2QS7oudExk8<\/a><\/p>\n<p><a href=\"https:\/\/agora.xtec.cat\/zer-pedrera\/wp-content\/uploads\/usu1473\/2024\/04\/ombres-xineses-dinosaures.jpg\"><img loading=\"lazy\" decoding=\"async\" class=\"alignnone size-full wp-image-8015\" src=\"https:\/\/agora.xtec.cat\/zer-pedrera\/wp-content\/uploads\/usu1473\/2024\/04\/ombres-xineses-dinosaures.jpg\" alt=\"\" width=\"300\" height=\"265\" \/><\/a><\/p>\n<p>&nbsp;<\/p>\n<p>&nbsp;<\/p>\n","protected":false},"excerpt":{"rendered":"<p>El primer dia del tercer trimestre l&#8217;alumnat de la nostra ZER va comen\u00e7ar amb una activitat totalment diferent. Van poder gaudir d&#8217;unes obres on el m\u00f3n del teatre era l&#8217;ess\u00e8ncia de l&#8217;activitat. El m\u00f3n de les ombres xineses i de les titelles van transportar al&hellip;  <a href=\"https:\/\/agora.xtec.cat\/zer-pedrera\/general\/zer-pedrera-taller-arts-esceniques\/\" title=\"Read ZER Pedrera. Taller Arts Esc\u00e8niques\">Llegeix m\u00e9s\u00bb<\/a><\/p>\n","protected":false},"author":1,"featured_media":8015,"comment_status":"open","ping_status":"closed","sticky":false,"template":"","format":"standard","meta":{"_bbp_topic_count":0,"_bbp_reply_count":0,"_bbp_total_topic_count":0,"_bbp_total_reply_count":0,"_bbp_voice_count":0,"_bbp_anonymous_reply_count":0,"_bbp_topic_count_hidden":0,"_bbp_reply_count_hidden":0,"_bbp_forum_subforum_count":0,"footnotes":""},"categories":[113,110,111,1,29,89],"tags":[],"class_list":["post-7938","post","type-post","status-publish","format-standard","has-post-thumbnail","hentry","category-e-infantil","category-escola-abat-ruera","category-escola-porcel-de-cervera","category-general","category-portada","category-primaria"],"post_mailing_queue_ids":[],"_links":{"self":[{"href":"https:\/\/agora.xtec.cat\/zer-pedrera\/wp-json\/wp\/v2\/posts\/7938","targetHints":{"allow":["GET"]}}],"collection":[{"href":"https:\/\/agora.xtec.cat\/zer-pedrera\/wp-json\/wp\/v2\/posts"}],"about":[{"href":"https:\/\/agora.xtec.cat\/zer-pedrera\/wp-json\/wp\/v2\/types\/post"}],"author":[{"embeddable":true,"href":"https:\/\/agora.xtec.cat\/zer-pedrera\/wp-json\/wp\/v2\/users\/1"}],"replies":[{"embeddable":true,"href":"https:\/\/agora.xtec.cat\/zer-pedrera\/wp-json\/wp\/v2\/comments?post=7938"}],"version-history":[{"count":6,"href":"https:\/\/agora.xtec.cat\/zer-pedrera\/wp-json\/wp\/v2\/posts\/7938\/revisions"}],"predecessor-version":[{"id":8299,"href":"https:\/\/agora.xtec.cat\/zer-pedrera\/wp-json\/wp\/v2\/posts\/7938\/revisions\/8299"}],"wp:featuredmedia":[{"embeddable":true,"href":"https:\/\/agora.xtec.cat\/zer-pedrera\/wp-json\/wp\/v2\/media\/8015"}],"wp:attachment":[{"href":"https:\/\/agora.xtec.cat\/zer-pedrera\/wp-json\/wp\/v2\/media?parent=7938"}],"wp:term":[{"taxonomy":"category","embeddable":true,"href":"https:\/\/agora.xtec.cat\/zer-pedrera\/wp-json\/wp\/v2\/categories?post=7938"},{"taxonomy":"post_tag","embeddable":true,"href":"https:\/\/agora.xtec.cat\/zer-pedrera\/wp-json\/wp\/v2\/tags?post=7938"}],"curies":[{"name":"wp","href":"https:\/\/api.w.org\/{rel}","templated":true}]}}