{"id":7928,"date":"2024-04-13T23:38:44","date_gmt":"2024-04-13T21:38:44","guid":{"rendered":"https:\/\/agora.xtec.cat\/zer-pedrera\/?p=7928"},"modified":"2024-06-14T18:55:04","modified_gmt":"2024-06-14T16:55:04","slug":"art-a-lescola-amb-keith-haring-porcel-de-cervera","status":"publish","type":"post","link":"https:\/\/agora.xtec.cat\/zer-pedrera\/general\/art-a-lescola-amb-keith-haring-porcel-de-cervera\/","title":{"rendered":"Art a l&#8217;escola amb Keith Haring. Porcel de Cervera."},"content":{"rendered":"<p style=\"text-align: left;\">Com ja us vam avan\u00e7ar el primer trimestre, aquest any hem decidit abordar l&#8217;art des d&#8217;altres perspectives per endinsar-nos en un m\u00f3n art\u00edstic m\u00e9s desconegut pels nens i nenes amb la m\u00e0 de diferents artistes. Primer vam al.lucinar amb els punts i transformacions tan especials de la japonesa Yayou Kusama. Al llarg del segon trimestre van estar descobrint i treballant l&#8217;art de carrer dels anys 90 amb els famosos dibuixos de l&#8217;artista Kaith Haring.<\/p>\n<p>Est\u00e0 sent molt divertit i productiu aquest descobriment ja que no sols hem crear art pl\u00e0stic, sin\u00f3 tamb\u00e9 hem treballat amb el cos i el moviment! Clique per veure fotos aqu\u00ed!https:\/\/photos.app.goo.gl\/LwQHSc64h2eMqxad9<a href=\"https:\/\/photos.app.goo.gl\/LwQHSc64h2eMqxad9\" target=\"_blank\" rel=\"noopener\">https:\/\/photos.app.goo.gl\/LwQHSc64h2eMqxad9<\/a><\/p>\n","protected":false},"excerpt":{"rendered":"<p>Com ja us vam avan\u00e7ar el primer trimestre, aquest any hem decidit abordar l&#8217;art des d&#8217;altres perspectives per endinsar-nos en un m\u00f3n art\u00edstic m\u00e9s desconegut pels nens i nenes amb la m\u00e0 de diferents artistes. Primer vam al.lucinar amb els punts i transformacions tan especials&hellip;  <a href=\"https:\/\/agora.xtec.cat\/zer-pedrera\/general\/art-a-lescola-amb-keith-haring-porcel-de-cervera\/\" title=\"Read Art a l&#8217;escola amb Keith Haring. Porcel de Cervera.\">Llegeix m\u00e9s\u00bb<\/a><\/p>\n","protected":false},"author":1,"featured_media":7978,"comment_status":"open","ping_status":"closed","sticky":false,"template":"","format":"standard","meta":{"_bbp_topic_count":0,"_bbp_reply_count":0,"_bbp_total_topic_count":0,"_bbp_total_reply_count":0,"_bbp_voice_count":0,"_bbp_anonymous_reply_count":0,"_bbp_topic_count_hidden":0,"_bbp_reply_count_hidden":0,"_bbp_forum_subforum_count":0,"footnotes":""},"categories":[113,111,1,29,89],"tags":[],"class_list":["post-7928","post","type-post","status-publish","format-standard","has-post-thumbnail","hentry","category-e-infantil","category-escola-porcel-de-cervera","category-general","category-portada","category-primaria"],"post_mailing_queue_ids":[],"_links":{"self":[{"href":"https:\/\/agora.xtec.cat\/zer-pedrera\/wp-json\/wp\/v2\/posts\/7928","targetHints":{"allow":["GET"]}}],"collection":[{"href":"https:\/\/agora.xtec.cat\/zer-pedrera\/wp-json\/wp\/v2\/posts"}],"about":[{"href":"https:\/\/agora.xtec.cat\/zer-pedrera\/wp-json\/wp\/v2\/types\/post"}],"author":[{"embeddable":true,"href":"https:\/\/agora.xtec.cat\/zer-pedrera\/wp-json\/wp\/v2\/users\/1"}],"replies":[{"embeddable":true,"href":"https:\/\/agora.xtec.cat\/zer-pedrera\/wp-json\/wp\/v2\/comments?post=7928"}],"version-history":[{"count":5,"href":"https:\/\/agora.xtec.cat\/zer-pedrera\/wp-json\/wp\/v2\/posts\/7928\/revisions"}],"predecessor-version":[{"id":8309,"href":"https:\/\/agora.xtec.cat\/zer-pedrera\/wp-json\/wp\/v2\/posts\/7928\/revisions\/8309"}],"wp:featuredmedia":[{"embeddable":true,"href":"https:\/\/agora.xtec.cat\/zer-pedrera\/wp-json\/wp\/v2\/media\/7978"}],"wp:attachment":[{"href":"https:\/\/agora.xtec.cat\/zer-pedrera\/wp-json\/wp\/v2\/media?parent=7928"}],"wp:term":[{"taxonomy":"category","embeddable":true,"href":"https:\/\/agora.xtec.cat\/zer-pedrera\/wp-json\/wp\/v2\/categories?post=7928"},{"taxonomy":"post_tag","embeddable":true,"href":"https:\/\/agora.xtec.cat\/zer-pedrera\/wp-json\/wp\/v2\/tags?post=7928"}],"curies":[{"name":"wp","href":"https:\/\/api.w.org\/{rel}","templated":true}]}}