{"id":7920,"date":"2024-04-19T13:07:16","date_gmt":"2024-04-19T11:07:16","guid":{"rendered":"https:\/\/agora.xtec.cat\/zer-pedrera\/?p=7920"},"modified":"2024-06-14T18:48:54","modified_gmt":"2024-06-14T16:48:54","slug":"plantem-ametllers-al-pati-porcel-de-cervera","status":"publish","type":"post","link":"https:\/\/agora.xtec.cat\/zer-pedrera\/general\/plantem-ametllers-al-pati-porcel-de-cervera\/","title":{"rendered":"Plantem ametllers al Pati. Porcel de Cervera"},"content":{"rendered":"<p>L&#8217;ametller \u00e9s un arbre t\u00edpic de la nostra comarca. Per aquest motiu hem volgut plantar ametllers al pati de la nostra escola. Per\u00f2 perqu\u00e8 creixin i es facin grans s&#8217;han de seguir una s\u00e8rie de passos; fer el forat profund, ficar l&#8217;arbre dins del forat, tapar el forat amb bona terra i regar-lo. A partir d&#8217;ara s&#8217;hauran de cuidar perqu\u00e8 creixin.<\/p>\n<p>Per veure m\u00e9s fotografies de l&#8217;activitat clicar damunt de la imatge.<\/p>\n<p><a href=\"https:\/\/photos.app.goo.gl\/7cDnv1WL6VgMMeGr9\" target=\"_blank\" rel=\"noopener\"><img loading=\"lazy\" decoding=\"async\" class=\"alignnone size-full wp-image-8009\" src=\"https:\/\/agora.xtec.cat\/zer-pedrera\/wp-content\/uploads\/usu1473\/2024\/04\/20240313_161844-1-rotated.jpg\" alt=\"\" width=\"400\" height=\"533\" srcset=\"https:\/\/agora.xtec.cat\/zer-pedrera\/wp-content\/uploads\/usu1473\/2024\/04\/20240313_161844-1-rotated.jpg 400w, https:\/\/agora.xtec.cat\/zer-pedrera\/wp-content\/uploads\/usu1473\/2024\/04\/20240313_161844-1-225x300.jpg 225w\" sizes=\"auto, (max-width: 400px) 100vw, 400px\" \/><\/a><\/p>\n<p>&nbsp;<\/p>\n","protected":false},"excerpt":{"rendered":"<p>L&#8217;ametller \u00e9s un arbre t\u00edpic de la nostra comarca. Per aquest motiu hem volgut plantar ametllers al pati de la nostra escola. Per\u00f2 perqu\u00e8 creixin i es facin grans s&#8217;han de seguir una s\u00e8rie de passos; fer el forat profund, ficar l&#8217;arbre dins del forat,&hellip;  <a href=\"https:\/\/agora.xtec.cat\/zer-pedrera\/general\/plantem-ametllers-al-pati-porcel-de-cervera\/\" title=\"Read Plantem ametllers al Pati. Porcel de Cervera\">Llegeix m\u00e9s\u00bb<\/a><\/p>\n","protected":false},"author":1,"featured_media":8009,"comment_status":"open","ping_status":"closed","sticky":false,"template":"","format":"standard","meta":{"_bbp_topic_count":0,"_bbp_reply_count":0,"_bbp_total_topic_count":0,"_bbp_total_reply_count":0,"_bbp_voice_count":0,"_bbp_anonymous_reply_count":0,"_bbp_topic_count_hidden":0,"_bbp_reply_count_hidden":0,"_bbp_forum_subforum_count":0,"footnotes":""},"categories":[113,111,1,116,29,89],"tags":[],"class_list":["post-7920","post","type-post","status-publish","format-standard","has-post-thumbnail","hentry","category-e-infantil","category-escola-porcel-de-cervera","category-general","category-medi","category-portada","category-primaria"],"post_mailing_queue_ids":[],"_links":{"self":[{"href":"https:\/\/agora.xtec.cat\/zer-pedrera\/wp-json\/wp\/v2\/posts\/7920","targetHints":{"allow":["GET"]}}],"collection":[{"href":"https:\/\/agora.xtec.cat\/zer-pedrera\/wp-json\/wp\/v2\/posts"}],"about":[{"href":"https:\/\/agora.xtec.cat\/zer-pedrera\/wp-json\/wp\/v2\/types\/post"}],"author":[{"embeddable":true,"href":"https:\/\/agora.xtec.cat\/zer-pedrera\/wp-json\/wp\/v2\/users\/1"}],"replies":[{"embeddable":true,"href":"https:\/\/agora.xtec.cat\/zer-pedrera\/wp-json\/wp\/v2\/comments?post=7920"}],"version-history":[{"count":2,"href":"https:\/\/agora.xtec.cat\/zer-pedrera\/wp-json\/wp\/v2\/posts\/7920\/revisions"}],"predecessor-version":[{"id":8010,"href":"https:\/\/agora.xtec.cat\/zer-pedrera\/wp-json\/wp\/v2\/posts\/7920\/revisions\/8010"}],"wp:featuredmedia":[{"embeddable":true,"href":"https:\/\/agora.xtec.cat\/zer-pedrera\/wp-json\/wp\/v2\/media\/8009"}],"wp:attachment":[{"href":"https:\/\/agora.xtec.cat\/zer-pedrera\/wp-json\/wp\/v2\/media?parent=7920"}],"wp:term":[{"taxonomy":"category","embeddable":true,"href":"https:\/\/agora.xtec.cat\/zer-pedrera\/wp-json\/wp\/v2\/categories?post=7920"},{"taxonomy":"post_tag","embeddable":true,"href":"https:\/\/agora.xtec.cat\/zer-pedrera\/wp-json\/wp\/v2\/tags?post=7920"}],"curies":[{"name":"wp","href":"https:\/\/api.w.org\/{rel}","templated":true}]}}