{"id":7906,"date":"2024-04-07T10:12:58","date_gmt":"2024-04-07T08:12:58","guid":{"rendered":"https:\/\/agora.xtec.cat\/zer-pedrera\/?p=7906"},"modified":"2024-04-09T17:59:53","modified_gmt":"2024-04-09T15:59:53","slug":"ci-de-lescola-abat-ruera-valors","status":"publish","type":"post","link":"https:\/\/agora.xtec.cat\/zer-pedrera\/general\/ci-de-lescola-abat-ruera-valors\/","title":{"rendered":"CI de l&#8217;escola Abat Ruera. Valors a expressi\u00f3 oral i escrita"},"content":{"rendered":"<p>\u00c9s molt important comen\u00e7ar el dia b\u00e9 i amb molta energia. Per aquest motiu hem de proporcionar a l&#8217;alumnat estrat\u00e8gies per aconseguir-ho. Aquesta vegada la mestra d&#8217;expressi\u00f3 oral i escrita ha decidit treballar els valors de forma molt visual, a partir d&#8217;un mural. Qu\u00e8 fem tots de bon mat\u00ed? Doncs esmorzar. Dins de cada tassa els nens i nenes de CI han escrit valors i actituds per comen\u00e7ar el dia amb pau i tranquil\u00b7litat.<\/p>\n<p><a href=\"https:\/\/agora.xtec.cat\/zer-pedrera\/wp-content\/uploads\/usu1473\/2024\/03\/IMG-20240321-WA0012.jpg\"><img loading=\"lazy\" decoding=\"async\" class=\"alignnone size-full wp-image-7909\" src=\"https:\/\/agora.xtec.cat\/zer-pedrera\/wp-content\/uploads\/usu1473\/2024\/03\/IMG-20240321-WA0012.jpg\" alt=\"\" width=\"500\" height=\"477\" srcset=\"https:\/\/agora.xtec.cat\/zer-pedrera\/wp-content\/uploads\/usu1473\/2024\/03\/IMG-20240321-WA0012.jpg 500w, https:\/\/agora.xtec.cat\/zer-pedrera\/wp-content\/uploads\/usu1473\/2024\/03\/IMG-20240321-WA0012-300x286.jpg 300w\" sizes=\"auto, (max-width: 500px) 100vw, 500px\" \/><\/a><\/p>\n","protected":false},"excerpt":{"rendered":"<p>\u00c9s molt important comen\u00e7ar el dia b\u00e9 i amb molta energia. Per aquest motiu hem de proporcionar a l&#8217;alumnat estrat\u00e8gies per aconseguir-ho. Aquesta vegada la mestra d&#8217;expressi\u00f3 oral i escrita ha decidit treballar els valors de forma molt visual, a partir d&#8217;un mural. Qu\u00e8 fem&hellip;  <a href=\"https:\/\/agora.xtec.cat\/zer-pedrera\/general\/ci-de-lescola-abat-ruera-valors\/\" title=\"Read CI de l&#8217;escola Abat Ruera. Valors a expressi\u00f3 oral i escrita\">Llegeix m\u00e9s\u00bb<\/a><\/p>\n","protected":false},"author":1,"featured_media":7909,"comment_status":"open","ping_status":"closed","sticky":false,"template":"","format":"standard","meta":{"_bbp_topic_count":0,"_bbp_reply_count":0,"_bbp_total_topic_count":0,"_bbp_total_reply_count":0,"_bbp_voice_count":0,"_bbp_anonymous_reply_count":0,"_bbp_topic_count_hidden":0,"_bbp_reply_count_hidden":0,"_bbp_forum_subforum_count":0,"footnotes":""},"categories":[110,1,29,89,122],"tags":[],"class_list":["post-7906","post","type-post","status-publish","format-standard","has-post-thumbnail","hentry","category-escola-abat-ruera","category-general","category-portada","category-primaria","category-valors"],"post_mailing_queue_ids":[],"_links":{"self":[{"href":"https:\/\/agora.xtec.cat\/zer-pedrera\/wp-json\/wp\/v2\/posts\/7906","targetHints":{"allow":["GET"]}}],"collection":[{"href":"https:\/\/agora.xtec.cat\/zer-pedrera\/wp-json\/wp\/v2\/posts"}],"about":[{"href":"https:\/\/agora.xtec.cat\/zer-pedrera\/wp-json\/wp\/v2\/types\/post"}],"author":[{"embeddable":true,"href":"https:\/\/agora.xtec.cat\/zer-pedrera\/wp-json\/wp\/v2\/users\/1"}],"replies":[{"embeddable":true,"href":"https:\/\/agora.xtec.cat\/zer-pedrera\/wp-json\/wp\/v2\/comments?post=7906"}],"version-history":[{"count":3,"href":"https:\/\/agora.xtec.cat\/zer-pedrera\/wp-json\/wp\/v2\/posts\/7906\/revisions"}],"predecessor-version":[{"id":7942,"href":"https:\/\/agora.xtec.cat\/zer-pedrera\/wp-json\/wp\/v2\/posts\/7906\/revisions\/7942"}],"wp:featuredmedia":[{"embeddable":true,"href":"https:\/\/agora.xtec.cat\/zer-pedrera\/wp-json\/wp\/v2\/media\/7909"}],"wp:attachment":[{"href":"https:\/\/agora.xtec.cat\/zer-pedrera\/wp-json\/wp\/v2\/media?parent=7906"}],"wp:term":[{"taxonomy":"category","embeddable":true,"href":"https:\/\/agora.xtec.cat\/zer-pedrera\/wp-json\/wp\/v2\/categories?post=7906"},{"taxonomy":"post_tag","embeddable":true,"href":"https:\/\/agora.xtec.cat\/zer-pedrera\/wp-json\/wp\/v2\/tags?post=7906"}],"curies":[{"name":"wp","href":"https:\/\/api.w.org\/{rel}","templated":true}]}}