{"id":7841,"date":"2024-03-15T14:05:56","date_gmt":"2024-03-15T13:05:56","guid":{"rendered":"https:\/\/agora.xtec.cat\/zer-pedrera\/?p=7841"},"modified":"2024-06-14T19:05:07","modified_gmt":"2024-06-14T17:05:07","slug":"ei-de-lescola-abat-ruera-sons-llargs-i-sons-curts","status":"publish","type":"post","link":"https:\/\/agora.xtec.cat\/zer-pedrera\/general\/ei-de-lescola-abat-ruera-sons-llargs-i-sons-curts\/","title":{"rendered":"EI de l&#8217;escola Abat Ruera. Sons llargs i sons curts"},"content":{"rendered":"<p>L&#8217;alumnat d&#8217;Educaci\u00f3 Infantil han treballat la durada dels sons. Han apr\u00e8s que la durada en m\u00fasica \u00e9s la longitud de temps que cada nota es toca. Els sons poden ser llargs o curts. Quan combinem notes de diferents durades, pots crear un ritme. Aquests conceptes els han apr\u00e8s de forma molt divertida. Voleu veure com ho han fet? Doncs cliqueu damunt de la imatge!<\/p>\n<p><a href=\"https:\/\/photos.app.goo.gl\/dd1TbiudE9jNnFJ57\" target=\"_blank\" rel=\"noopener\"><img loading=\"lazy\" decoding=\"async\" class=\"alignnone size-full wp-image-7842\" src=\"https:\/\/agora.xtec.cat\/zer-pedrera\/wp-content\/uploads\/usu1473\/2024\/03\/descarga.jpg\" alt=\"\" width=\"298\" height=\"169\" \/><\/a><\/p>\n<p>&nbsp;<\/p>\n","protected":false},"excerpt":{"rendered":"<p>L&#8217;alumnat d&#8217;Educaci\u00f3 Infantil han treballat la durada dels sons. Han apr\u00e8s que la durada en m\u00fasica \u00e9s la longitud de temps que cada nota es toca. Els sons poden ser llargs o curts. Quan combinem notes de diferents durades, pots crear un ritme. Aquests conceptes&hellip;  <a href=\"https:\/\/agora.xtec.cat\/zer-pedrera\/general\/ei-de-lescola-abat-ruera-sons-llargs-i-sons-curts\/\" title=\"Read EI de l&#8217;escola Abat Ruera. Sons llargs i sons curts\">Llegeix m\u00e9s\u00bb<\/a><\/p>\n","protected":false},"author":1,"featured_media":7842,"comment_status":"open","ping_status":"closed","sticky":false,"template":"","format":"standard","meta":{"_bbp_topic_count":0,"_bbp_reply_count":0,"_bbp_total_topic_count":0,"_bbp_total_reply_count":0,"_bbp_voice_count":0,"_bbp_anonymous_reply_count":0,"_bbp_topic_count_hidden":0,"_bbp_reply_count_hidden":0,"_bbp_forum_subforum_count":0,"footnotes":""},"categories":[113,110,1,117,118,29],"tags":[],"class_list":["post-7841","post","type-post","status-publish","format-standard","has-post-thumbnail","hentry","category-e-infantil","category-escola-abat-ruera","category-general","category-musica","category-musica-2","category-portada"],"post_mailing_queue_ids":[],"_links":{"self":[{"href":"https:\/\/agora.xtec.cat\/zer-pedrera\/wp-json\/wp\/v2\/posts\/7841","targetHints":{"allow":["GET"]}}],"collection":[{"href":"https:\/\/agora.xtec.cat\/zer-pedrera\/wp-json\/wp\/v2\/posts"}],"about":[{"href":"https:\/\/agora.xtec.cat\/zer-pedrera\/wp-json\/wp\/v2\/types\/post"}],"author":[{"embeddable":true,"href":"https:\/\/agora.xtec.cat\/zer-pedrera\/wp-json\/wp\/v2\/users\/1"}],"replies":[{"embeddable":true,"href":"https:\/\/agora.xtec.cat\/zer-pedrera\/wp-json\/wp\/v2\/comments?post=7841"}],"version-history":[{"count":1,"href":"https:\/\/agora.xtec.cat\/zer-pedrera\/wp-json\/wp\/v2\/posts\/7841\/revisions"}],"predecessor-version":[{"id":7843,"href":"https:\/\/agora.xtec.cat\/zer-pedrera\/wp-json\/wp\/v2\/posts\/7841\/revisions\/7843"}],"wp:featuredmedia":[{"embeddable":true,"href":"https:\/\/agora.xtec.cat\/zer-pedrera\/wp-json\/wp\/v2\/media\/7842"}],"wp:attachment":[{"href":"https:\/\/agora.xtec.cat\/zer-pedrera\/wp-json\/wp\/v2\/media?parent=7841"}],"wp:term":[{"taxonomy":"category","embeddable":true,"href":"https:\/\/agora.xtec.cat\/zer-pedrera\/wp-json\/wp\/v2\/categories?post=7841"},{"taxonomy":"post_tag","embeddable":true,"href":"https:\/\/agora.xtec.cat\/zer-pedrera\/wp-json\/wp\/v2\/tags?post=7841"}],"curies":[{"name":"wp","href":"https:\/\/api.w.org\/{rel}","templated":true}]}}