{"id":7795,"date":"2024-03-03T18:28:37","date_gmt":"2024-03-03T17:28:37","guid":{"rendered":"https:\/\/agora.xtec.cat\/zer-pedrera\/?p=7795"},"modified":"2024-03-03T18:28:37","modified_gmt":"2024-03-03T17:28:37","slug":"tecnica-semafor-i-resolucio-de-conflictes-cm-i-cs-porcel-de-cervera","status":"publish","type":"post","link":"https:\/\/agora.xtec.cat\/zer-pedrera\/general\/tecnica-semafor-i-resolucio-de-conflictes-cm-i-cs-porcel-de-cervera\/","title":{"rendered":"T\u00e8cnica sem\u00e0for i resoluci\u00f3 de conflictes. CM i CS Porcel de Cervera."},"content":{"rendered":"<p><span style=\"font-weight: 400;\">Durant aquests mesos l\u2019alumnat de CM i CS hem estat treballant la resoluci\u00f3 de conflictes. Hem parlat de les nostres emocions; com ens sentim quan tenim un conflicte, quins conflictes tenim en el nostre dia a dia i quina \u00e9s la millor resposta per tal de poder solucionar-ho. La t\u00e8cnica del SEM\u00c0FOR juntament amb una bona resposta assertiva \u00e9s clau per resoldre els conflictes. Un cop sent experts del tema, hem elaborat un mural i hem anat a explicar-los-hi als petits de l\u2019escola tot all\u00f2 que hem apr\u00e8s.\u00a0<\/span><\/p>\n<p>Per veure algunes fotos de les diferents activitats cliqueu la imatge.<\/p>\n<p style=\"text-align: center;\"><a href=\"https:\/\/photos.app.goo.gl\/qSC72sr36AW8vuXK6\"><img loading=\"lazy\" decoding=\"async\" class=\"alignnone  wp-image-7797\" src=\"https:\/\/agora.xtec.cat\/zer-pedrera\/wp-content\/uploads\/usu1473\/2024\/03\/portada.jpg\" alt=\"\" width=\"145\" height=\"101\" srcset=\"https:\/\/agora.xtec.cat\/zer-pedrera\/wp-content\/uploads\/usu1473\/2024\/03\/portada.jpg 1024w, https:\/\/agora.xtec.cat\/zer-pedrera\/wp-content\/uploads\/usu1473\/2024\/03\/portada-300x208.jpg 300w, https:\/\/agora.xtec.cat\/zer-pedrera\/wp-content\/uploads\/usu1473\/2024\/03\/portada-768x533.jpg 768w\" sizes=\"auto, (max-width: 145px) 100vw, 145px\" \/><\/a><\/p>\n","protected":false},"excerpt":{"rendered":"<p>Durant aquests mesos l\u2019alumnat de CM i CS hem estat treballant la resoluci\u00f3 de conflictes. Hem parlat de les nostres emocions; com ens sentim quan tenim un conflicte, quins conflictes tenim en el nostre dia a dia i quina \u00e9s la millor resposta per tal&hellip;  <a href=\"https:\/\/agora.xtec.cat\/zer-pedrera\/general\/tecnica-semafor-i-resolucio-de-conflictes-cm-i-cs-porcel-de-cervera\/\" title=\"Read T\u00e8cnica sem\u00e0for i resoluci\u00f3 de conflictes. CM i CS Porcel de Cervera.\">Llegeix m\u00e9s\u00bb<\/a><\/p>\n","protected":false},"author":1,"featured_media":7797,"comment_status":"open","ping_status":"closed","sticky":false,"template":"","format":"standard","meta":{"_bbp_topic_count":0,"_bbp_reply_count":0,"_bbp_total_topic_count":0,"_bbp_total_reply_count":0,"_bbp_voice_count":0,"_bbp_anonymous_reply_count":0,"_bbp_topic_count_hidden":0,"_bbp_reply_count_hidden":0,"_bbp_forum_subforum_count":0,"footnotes":""},"categories":[111,1,29,89],"tags":[],"class_list":["post-7795","post","type-post","status-publish","format-standard","has-post-thumbnail","hentry","category-escola-porcel-de-cervera","category-general","category-portada","category-primaria"],"post_mailing_queue_ids":[],"_links":{"self":[{"href":"https:\/\/agora.xtec.cat\/zer-pedrera\/wp-json\/wp\/v2\/posts\/7795","targetHints":{"allow":["GET"]}}],"collection":[{"href":"https:\/\/agora.xtec.cat\/zer-pedrera\/wp-json\/wp\/v2\/posts"}],"about":[{"href":"https:\/\/agora.xtec.cat\/zer-pedrera\/wp-json\/wp\/v2\/types\/post"}],"author":[{"embeddable":true,"href":"https:\/\/agora.xtec.cat\/zer-pedrera\/wp-json\/wp\/v2\/users\/1"}],"replies":[{"embeddable":true,"href":"https:\/\/agora.xtec.cat\/zer-pedrera\/wp-json\/wp\/v2\/comments?post=7795"}],"version-history":[{"count":2,"href":"https:\/\/agora.xtec.cat\/zer-pedrera\/wp-json\/wp\/v2\/posts\/7795\/revisions"}],"predecessor-version":[{"id":7798,"href":"https:\/\/agora.xtec.cat\/zer-pedrera\/wp-json\/wp\/v2\/posts\/7795\/revisions\/7798"}],"wp:featuredmedia":[{"embeddable":true,"href":"https:\/\/agora.xtec.cat\/zer-pedrera\/wp-json\/wp\/v2\/media\/7797"}],"wp:attachment":[{"href":"https:\/\/agora.xtec.cat\/zer-pedrera\/wp-json\/wp\/v2\/media?parent=7795"}],"wp:term":[{"taxonomy":"category","embeddable":true,"href":"https:\/\/agora.xtec.cat\/zer-pedrera\/wp-json\/wp\/v2\/categories?post=7795"},{"taxonomy":"post_tag","embeddable":true,"href":"https:\/\/agora.xtec.cat\/zer-pedrera\/wp-json\/wp\/v2\/tags?post=7795"}],"curies":[{"name":"wp","href":"https:\/\/api.w.org\/{rel}","templated":true}]}}