{"id":7792,"date":"2024-03-03T19:08:23","date_gmt":"2024-03-03T18:08:23","guid":{"rendered":"https:\/\/agora.xtec.cat\/zer-pedrera\/?p=7792"},"modified":"2024-03-03T19:08:23","modified_gmt":"2024-03-03T18:08:23","slug":"anem-a-veure-els-ametllers-florits-infantil-i-ci-porcel-de-cervera","status":"publish","type":"post","link":"https:\/\/agora.xtec.cat\/zer-pedrera\/general\/anem-a-veure-els-ametllers-florits-infantil-i-ci-porcel-de-cervera\/","title":{"rendered":"Anem a veure els ametllers florits. Infantil i CI Porcel de Cervera."},"content":{"rendered":"<p style=\"text-align: justify;\">A Ed. Infantil cada mes treballem la dita del mes en el que ens trobem per aprendre a situar-nos en el temps. Aquest mes de febrer, aprofitant que vivim a les Garrigues, terra d&#8217;ametllers, vinyes i oliveres entre d&#8217;altres, no en pod\u00edem aprendre una altra que no tract\u00e9s de la floritura dels ametllers. A m\u00e9s a m\u00e9s a Gesti\u00f3 aut\u00f2noma, amb els nostres companys-es de CI tamb\u00e9 estem treballant la flora i fauna del nostre entorn. Aprofitant aquestes situacions i que a l&#8217;escola rural ens encanta aprendre amb experi\u00e8ncies vivencials, la setmana passada vam sortir als voltants de l&#8217;escola a descobrir qu\u00e8 bonics estan els ametllers que ens envolten. Estaven preciosos i no sols vam aprendre a identificar-los a trav\u00e9s dels seus colors caracter\u00edstics que tenyeixen el nostre paisatge, sin\u00f3 que tamb\u00e9 vam investigar perqu\u00e8 n&#8217;hi havia alguns que tenien menys flors que altres o incl\u00fas cap, quin fruit sortir\u00e0 un cop caiguin les flors&#8230; Va ser una activitat molt enriquidora!!<\/p>\n<p>Cliqueu la imatge per veure les fotos!!!<\/p>\n<p><a href=\"https:\/\/photos.app.goo.gl\/EmgFuEsSUJLx2Vpc6\"><img loading=\"lazy\" decoding=\"async\" class=\"wp-image-7800 aligncenter\" src=\"https:\/\/agora.xtec.cat\/zer-pedrera\/wp-content\/uploads\/usu1473\/2024\/03\/portada-1-997x1024.jpg\" alt=\"\" width=\"172\" height=\"176\" srcset=\"https:\/\/agora.xtec.cat\/zer-pedrera\/wp-content\/uploads\/usu1473\/2024\/03\/portada-1-997x1024.jpg 997w, https:\/\/agora.xtec.cat\/zer-pedrera\/wp-content\/uploads\/usu1473\/2024\/03\/portada-1-292x300.jpg 292w, https:\/\/agora.xtec.cat\/zer-pedrera\/wp-content\/uploads\/usu1473\/2024\/03\/portada-1-768x788.jpg 768w, https:\/\/agora.xtec.cat\/zer-pedrera\/wp-content\/uploads\/usu1473\/2024\/03\/portada-1-1496x1536.jpg 1496w, https:\/\/agora.xtec.cat\/zer-pedrera\/wp-content\/uploads\/usu1473\/2024\/03\/portada-1-1995x2048.jpg 1995w\" sizes=\"auto, (max-width: 172px) 100vw, 172px\" \/><\/a><\/p>\n<p>&nbsp;<\/p>\n<p style=\"text-align: justify;\">\n<p>&nbsp;<\/p>\n<p>&nbsp;<\/p>\n<p>&nbsp;<\/p>\n<p>&nbsp;<\/p>\n","protected":false},"excerpt":{"rendered":"<p>A Ed. Infantil cada mes treballem la dita del mes en el que ens trobem per aprendre a situar-nos en el temps. Aquest mes de febrer, aprofitant que vivim a les Garrigues, terra d&#8217;ametllers, vinyes i oliveres entre d&#8217;altres, no en pod\u00edem aprendre una altra&hellip;  <a href=\"https:\/\/agora.xtec.cat\/zer-pedrera\/general\/anem-a-veure-els-ametllers-florits-infantil-i-ci-porcel-de-cervera\/\" title=\"Read Anem a veure els ametllers florits. Infantil i CI Porcel de Cervera.\">Llegeix m\u00e9s\u00bb<\/a><\/p>\n","protected":false},"author":1,"featured_media":7800,"comment_status":"open","ping_status":"closed","sticky":false,"template":"","format":"standard","meta":{"_bbp_topic_count":0,"_bbp_reply_count":0,"_bbp_total_topic_count":0,"_bbp_total_reply_count":0,"_bbp_voice_count":0,"_bbp_anonymous_reply_count":0,"_bbp_topic_count_hidden":0,"_bbp_reply_count_hidden":0,"_bbp_forum_subforum_count":0,"footnotes":""},"categories":[113,111,1,29,89],"tags":[],"class_list":["post-7792","post","type-post","status-publish","format-standard","has-post-thumbnail","hentry","category-e-infantil","category-escola-porcel-de-cervera","category-general","category-portada","category-primaria"],"post_mailing_queue_ids":[],"_links":{"self":[{"href":"https:\/\/agora.xtec.cat\/zer-pedrera\/wp-json\/wp\/v2\/posts\/7792","targetHints":{"allow":["GET"]}}],"collection":[{"href":"https:\/\/agora.xtec.cat\/zer-pedrera\/wp-json\/wp\/v2\/posts"}],"about":[{"href":"https:\/\/agora.xtec.cat\/zer-pedrera\/wp-json\/wp\/v2\/types\/post"}],"author":[{"embeddable":true,"href":"https:\/\/agora.xtec.cat\/zer-pedrera\/wp-json\/wp\/v2\/users\/1"}],"replies":[{"embeddable":true,"href":"https:\/\/agora.xtec.cat\/zer-pedrera\/wp-json\/wp\/v2\/comments?post=7792"}],"version-history":[{"count":2,"href":"https:\/\/agora.xtec.cat\/zer-pedrera\/wp-json\/wp\/v2\/posts\/7792\/revisions"}],"predecessor-version":[{"id":7801,"href":"https:\/\/agora.xtec.cat\/zer-pedrera\/wp-json\/wp\/v2\/posts\/7792\/revisions\/7801"}],"wp:featuredmedia":[{"embeddable":true,"href":"https:\/\/agora.xtec.cat\/zer-pedrera\/wp-json\/wp\/v2\/media\/7800"}],"wp:attachment":[{"href":"https:\/\/agora.xtec.cat\/zer-pedrera\/wp-json\/wp\/v2\/media?parent=7792"}],"wp:term":[{"taxonomy":"category","embeddable":true,"href":"https:\/\/agora.xtec.cat\/zer-pedrera\/wp-json\/wp\/v2\/categories?post=7792"},{"taxonomy":"post_tag","embeddable":true,"href":"https:\/\/agora.xtec.cat\/zer-pedrera\/wp-json\/wp\/v2\/tags?post=7792"}],"curies":[{"name":"wp","href":"https:\/\/api.w.org\/{rel}","templated":true}]}}