{"id":7779,"date":"2024-04-13T23:49:37","date_gmt":"2024-04-13T21:49:37","guid":{"rendered":"https:\/\/agora.xtec.cat\/zer-pedrera\/?p=7779"},"modified":"2024-06-14T18:56:19","modified_gmt":"2024-06-14T16:56:19","slug":"frases-boges-a-ci-porcel-de-cervera","status":"publish","type":"post","link":"https:\/\/agora.xtec.cat\/zer-pedrera\/general\/frases-boges-a-ci-porcel-de-cervera\/","title":{"rendered":"frases boges a CI. Porcel de Cervera"},"content":{"rendered":"<p>Amb l&#8217;alumnat de CI estem refor\u00e7ant la import\u00e0ncia de construir frases amb totes les categories gramaticals ben estructurales perqu\u00e8 tinguin sentit i per tant que es puguin entendre. I quina millor manera que fer-ho de forma l\u00fadica i jugant al m\u00f3n al rev\u00e9s?? Si creem frases boges sense sentit sols perqu\u00e8 ens ho diu un dau per\u00f2 no fem cas als patrons d&#8217;ordre que estem aprenent&#8230; ser\u00e0 molt dif\u00edcil que els altres entenguin el que volem escriure. Ha estat una activitat molt divertida.<\/p>\n<p>Cliqueu per veure les fotos aqu\u00ed! https:\/\/photos.app.goo.gl\/bXyq5hhanxwahPWV9<a href=\"https:\/\/photos.app.goo.gl\/bXyq5hhanxwahPWV9\" target=\"_blank\" rel=\"noopener\">https:\/\/photos.app.goo.gl\/bXyq5hhanxwahPWV9<\/a><\/p>\n<p>&nbsp;<\/p>\n","protected":false},"excerpt":{"rendered":"<p>Amb l&#8217;alumnat de CI estem refor\u00e7ant la import\u00e0ncia de construir frases amb totes les categories gramaticals ben estructurales perqu\u00e8 tinguin sentit i per tant que es puguin entendre. I quina millor manera que fer-ho de forma l\u00fadica i jugant al m\u00f3n al rev\u00e9s?? Si creem&hellip;  <a href=\"https:\/\/agora.xtec.cat\/zer-pedrera\/general\/frases-boges-a-ci-porcel-de-cervera\/\" title=\"Read frases boges a CI. Porcel de Cervera\">Llegeix m\u00e9s\u00bb<\/a><\/p>\n","protected":false},"author":1,"featured_media":7981,"comment_status":"open","ping_status":"closed","sticky":false,"template":"","format":"standard","meta":{"_bbp_topic_count":0,"_bbp_reply_count":0,"_bbp_total_topic_count":0,"_bbp_total_reply_count":0,"_bbp_voice_count":0,"_bbp_anonymous_reply_count":0,"_bbp_topic_count_hidden":0,"_bbp_reply_count_hidden":0,"_bbp_forum_subforum_count":0,"footnotes":""},"categories":[111,1,29,89],"tags":[],"class_list":["post-7779","post","type-post","status-publish","format-standard","has-post-thumbnail","hentry","category-escola-porcel-de-cervera","category-general","category-portada","category-primaria"],"post_mailing_queue_ids":[],"_links":{"self":[{"href":"https:\/\/agora.xtec.cat\/zer-pedrera\/wp-json\/wp\/v2\/posts\/7779","targetHints":{"allow":["GET"]}}],"collection":[{"href":"https:\/\/agora.xtec.cat\/zer-pedrera\/wp-json\/wp\/v2\/posts"}],"about":[{"href":"https:\/\/agora.xtec.cat\/zer-pedrera\/wp-json\/wp\/v2\/types\/post"}],"author":[{"embeddable":true,"href":"https:\/\/agora.xtec.cat\/zer-pedrera\/wp-json\/wp\/v2\/users\/1"}],"replies":[{"embeddable":true,"href":"https:\/\/agora.xtec.cat\/zer-pedrera\/wp-json\/wp\/v2\/comments?post=7779"}],"version-history":[{"count":4,"href":"https:\/\/agora.xtec.cat\/zer-pedrera\/wp-json\/wp\/v2\/posts\/7779\/revisions"}],"predecessor-version":[{"id":8310,"href":"https:\/\/agora.xtec.cat\/zer-pedrera\/wp-json\/wp\/v2\/posts\/7779\/revisions\/8310"}],"wp:featuredmedia":[{"embeddable":true,"href":"https:\/\/agora.xtec.cat\/zer-pedrera\/wp-json\/wp\/v2\/media\/7981"}],"wp:attachment":[{"href":"https:\/\/agora.xtec.cat\/zer-pedrera\/wp-json\/wp\/v2\/media?parent=7779"}],"wp:term":[{"taxonomy":"category","embeddable":true,"href":"https:\/\/agora.xtec.cat\/zer-pedrera\/wp-json\/wp\/v2\/categories?post=7779"},{"taxonomy":"post_tag","embeddable":true,"href":"https:\/\/agora.xtec.cat\/zer-pedrera\/wp-json\/wp\/v2\/tags?post=7779"}],"curies":[{"name":"wp","href":"https:\/\/api.w.org\/{rel}","templated":true}]}}