{"id":7765,"date":"2024-03-11T13:46:04","date_gmt":"2024-03-11T12:46:04","guid":{"rendered":"https:\/\/agora.xtec.cat\/zer-pedrera\/?p=7765"},"modified":"2024-06-14T19:07:40","modified_gmt":"2024-06-14T17:07:40","slug":"cami-sensorial-a-infantil-porcel-de-cervera","status":"publish","type":"post","link":"https:\/\/agora.xtec.cat\/zer-pedrera\/general\/cami-sensorial-a-infantil-porcel-de-cervera\/","title":{"rendered":"Cam\u00ed sensorial a Infantil. Porcel de Cervera"},"content":{"rendered":"<p>&nbsp;<\/p>\n<div>Una de les activitats d&#8217;aquest trimestre ha estat rec\u00f2rrer un caminet sensorial amb les mans i els peus descal\u00e7os per experimentar les diferents sensacions que ens produeixen les textures que el composaven.<\/div>\n<div><\/div>\n<div>Aquest cam\u00ed ha estat elaborat dins de la seva programaci\u00f3 d&#8217;estimulaci\u00f3 dels sentits per psicomotricitat.<\/div>\n<div><\/div>\n<div>Es desenvolupen estimulacions b\u00e0siques del desenvolupament i, per tant, emergeix el plaer sensoriomotriu. La riquesa d\u2019est\u00edmuls sensorials beneficia el desenvolupament del pensament, la intel\u00b7lig\u00e8ncia i el llenguatge. Permet a l\u2019infant explorar el seu ambient i comprendre millor el que succeeix al seu entorn.<\/div>\n<p>&nbsp;<\/p>\n<p>CLIQUEU &#8221; <a href=\"https:\/\/photos.app.goo.gl\/4d1GvPkJhJrFH5fz6\" target=\"_blank\" rel=\"noopener\">FOTOS<\/a> <a href=\"https:\/\/photos.app.goo.gl\/4d1GvPkJhJrFH5fz6\">&#8221; <\/a>PER PODER MIRAR-LES!<\/p>\n","protected":false},"excerpt":{"rendered":"<p>&nbsp;<br \/>\nUna de les activitats d&#8217;aquest trimestre ha estat rec\u00f2rrer un caminet sensorial amb les mans i els peus descal\u00e7os per experimentar les diferents sensacions que ens produeixen les textures que el composaven.<\/p>\n<p>Aquest cam\u00ed ha estat elaborat dins de la seva programaci\u00f3 d&#8217;estimulaci\u00f3 dels sentits per&hellip;  <a href=\"https:\/\/agora.xtec.cat\/zer-pedrera\/general\/cami-sensorial-a-infantil-porcel-de-cervera\/\" title=\"Read Cam\u00ed sensorial a Infantil. Porcel de Cervera\">Llegeix m\u00e9s\u00bb<\/a><\/p>\n","protected":false},"author":1,"featured_media":7820,"comment_status":"open","ping_status":"closed","sticky":false,"template":"","format":"standard","meta":{"_bbp_topic_count":0,"_bbp_reply_count":0,"_bbp_total_topic_count":0,"_bbp_total_reply_count":0,"_bbp_voice_count":0,"_bbp_anonymous_reply_count":0,"_bbp_topic_count_hidden":0,"_bbp_reply_count_hidden":0,"_bbp_forum_subforum_count":0,"footnotes":""},"categories":[113,111,1,29],"tags":[],"class_list":["post-7765","post","type-post","status-publish","format-standard","has-post-thumbnail","hentry","category-e-infantil","category-escola-porcel-de-cervera","category-general","category-portada"],"post_mailing_queue_ids":[],"_links":{"self":[{"href":"https:\/\/agora.xtec.cat\/zer-pedrera\/wp-json\/wp\/v2\/posts\/7765","targetHints":{"allow":["GET"]}}],"collection":[{"href":"https:\/\/agora.xtec.cat\/zer-pedrera\/wp-json\/wp\/v2\/posts"}],"about":[{"href":"https:\/\/agora.xtec.cat\/zer-pedrera\/wp-json\/wp\/v2\/types\/post"}],"author":[{"embeddable":true,"href":"https:\/\/agora.xtec.cat\/zer-pedrera\/wp-json\/wp\/v2\/users\/1"}],"replies":[{"embeddable":true,"href":"https:\/\/agora.xtec.cat\/zer-pedrera\/wp-json\/wp\/v2\/comments?post=7765"}],"version-history":[{"count":4,"href":"https:\/\/agora.xtec.cat\/zer-pedrera\/wp-json\/wp\/v2\/posts\/7765\/revisions"}],"predecessor-version":[{"id":8315,"href":"https:\/\/agora.xtec.cat\/zer-pedrera\/wp-json\/wp\/v2\/posts\/7765\/revisions\/8315"}],"wp:featuredmedia":[{"embeddable":true,"href":"https:\/\/agora.xtec.cat\/zer-pedrera\/wp-json\/wp\/v2\/media\/7820"}],"wp:attachment":[{"href":"https:\/\/agora.xtec.cat\/zer-pedrera\/wp-json\/wp\/v2\/media?parent=7765"}],"wp:term":[{"taxonomy":"category","embeddable":true,"href":"https:\/\/agora.xtec.cat\/zer-pedrera\/wp-json\/wp\/v2\/categories?post=7765"},{"taxonomy":"post_tag","embeddable":true,"href":"https:\/\/agora.xtec.cat\/zer-pedrera\/wp-json\/wp\/v2\/tags?post=7765"}],"curies":[{"name":"wp","href":"https:\/\/api.w.org\/{rel}","templated":true}]}}