{"id":7734,"date":"2024-03-01T09:45:48","date_gmt":"2024-03-01T08:45:48","guid":{"rendered":"https:\/\/agora.xtec.cat\/zer-pedrera\/?p=7734"},"modified":"2024-06-14T19:13:52","modified_gmt":"2024-06-14T17:13:52","slug":"ei-de-lescola-abat-ruera-les-figures-geometriques","status":"publish","type":"post","link":"https:\/\/agora.xtec.cat\/zer-pedrera\/general\/ei-de-lescola-abat-ruera-les-figures-geometriques\/","title":{"rendered":"EI de l&#8217;escola Abat Ruera. Les figures geom\u00e8triques"},"content":{"rendered":"<p>Les figures geom\u00e8triques es poden treballar de moltes maneres diferents; des de buscar objectes a l&#8217;entorn, classificar-los, fer una fitxa, portar objectes de casa&#8230; Aquesta vegada l&#8217;alumnat d&#8217;Educaci\u00f3 Infantil han treballat el concepte de les figures geom\u00e8triques a partir de l&#8217;experimentaci\u00f3 pict\u00f2rica. Utilitzant diferents tubs han fet la seva creaci\u00f3.<\/p>\n<p>Voleu veure fotografies de l&#8217;activitat? Doncs cliqueu damunt de la imatge.<\/p>\n<p style=\"text-align: center;\"><a href=\"https:\/\/photos.app.goo.gl\/ZzA2EFaDUUGmFBxx6\" target=\"_blank\" rel=\"noopener\"><img loading=\"lazy\" decoding=\"async\" class=\"alignnone size-full wp-image-7739\" src=\"https:\/\/agora.xtec.cat\/zer-pedrera\/wp-content\/uploads\/usu1473\/2024\/02\/IMG-20240223-WA0028.jpg\" alt=\"\" width=\"400\" height=\"300\" srcset=\"https:\/\/agora.xtec.cat\/zer-pedrera\/wp-content\/uploads\/usu1473\/2024\/02\/IMG-20240223-WA0028.jpg 400w, https:\/\/agora.xtec.cat\/zer-pedrera\/wp-content\/uploads\/usu1473\/2024\/02\/IMG-20240223-WA0028-300x225.jpg 300w, https:\/\/agora.xtec.cat\/zer-pedrera\/wp-content\/uploads\/usu1473\/2024\/02\/IMG-20240223-WA0028-200x150.jpg 200w\" sizes=\"auto, (max-width: 400px) 100vw, 400px\" \/><\/a><\/p>\n<p>&nbsp;<\/p>\n","protected":false},"excerpt":{"rendered":"<p>Les figures geom\u00e8triques es poden treballar de moltes maneres diferents; des de buscar objectes a l&#8217;entorn, classificar-los, fer una fitxa, portar objectes de casa&#8230; Aquesta vegada l&#8217;alumnat d&#8217;Educaci\u00f3 Infantil han treballat el concepte de les figures geom\u00e8triques a partir de l&#8217;experimentaci\u00f3 pict\u00f2rica. Utilitzant diferents tubs&hellip;  <a href=\"https:\/\/agora.xtec.cat\/zer-pedrera\/general\/ei-de-lescola-abat-ruera-les-figures-geometriques\/\" title=\"Read EI de l&#8217;escola Abat Ruera. Les figures geom\u00e8triques\">Llegeix m\u00e9s\u00bb<\/a><\/p>\n","protected":false},"author":1,"featured_media":7739,"comment_status":"open","ping_status":"closed","sticky":false,"template":"","format":"standard","meta":{"_bbp_topic_count":0,"_bbp_reply_count":0,"_bbp_total_topic_count":0,"_bbp_total_reply_count":0,"_bbp_voice_count":0,"_bbp_anonymous_reply_count":0,"_bbp_topic_count_hidden":0,"_bbp_reply_count_hidden":0,"_bbp_forum_subforum_count":0,"footnotes":""},"categories":[113,110,1,126,29,89],"tags":[],"class_list":["post-7734","post","type-post","status-publish","format-standard","has-post-thumbnail","hentry","category-e-infantil","category-escola-abat-ruera","category-general","category-matematiques","category-portada","category-primaria"],"post_mailing_queue_ids":[],"_links":{"self":[{"href":"https:\/\/agora.xtec.cat\/zer-pedrera\/wp-json\/wp\/v2\/posts\/7734","targetHints":{"allow":["GET"]}}],"collection":[{"href":"https:\/\/agora.xtec.cat\/zer-pedrera\/wp-json\/wp\/v2\/posts"}],"about":[{"href":"https:\/\/agora.xtec.cat\/zer-pedrera\/wp-json\/wp\/v2\/types\/post"}],"author":[{"embeddable":true,"href":"https:\/\/agora.xtec.cat\/zer-pedrera\/wp-json\/wp\/v2\/users\/1"}],"replies":[{"embeddable":true,"href":"https:\/\/agora.xtec.cat\/zer-pedrera\/wp-json\/wp\/v2\/comments?post=7734"}],"version-history":[{"count":4,"href":"https:\/\/agora.xtec.cat\/zer-pedrera\/wp-json\/wp\/v2\/posts\/7734\/revisions"}],"predecessor-version":[{"id":7750,"href":"https:\/\/agora.xtec.cat\/zer-pedrera\/wp-json\/wp\/v2\/posts\/7734\/revisions\/7750"}],"wp:featuredmedia":[{"embeddable":true,"href":"https:\/\/agora.xtec.cat\/zer-pedrera\/wp-json\/wp\/v2\/media\/7739"}],"wp:attachment":[{"href":"https:\/\/agora.xtec.cat\/zer-pedrera\/wp-json\/wp\/v2\/media?parent=7734"}],"wp:term":[{"taxonomy":"category","embeddable":true,"href":"https:\/\/agora.xtec.cat\/zer-pedrera\/wp-json\/wp\/v2\/categories?post=7734"},{"taxonomy":"post_tag","embeddable":true,"href":"https:\/\/agora.xtec.cat\/zer-pedrera\/wp-json\/wp\/v2\/tags?post=7734"}],"curies":[{"name":"wp","href":"https:\/\/api.w.org\/{rel}","templated":true}]}}