{"id":7700,"date":"2024-02-18T22:05:27","date_gmt":"2024-02-18T21:05:27","guid":{"rendered":"https:\/\/agora.xtec.cat\/zer-pedrera\/?p=7700"},"modified":"2024-06-14T19:22:35","modified_gmt":"2024-06-14T17:22:35","slug":"setmana-de-carnaval-porcel-de-cervera","status":"publish","type":"post","link":"https:\/\/agora.xtec.cat\/zer-pedrera\/general\/setmana-de-carnaval-porcel-de-cervera\/","title":{"rendered":"Setmana de Carnaval Porcel de Cervera"},"content":{"rendered":"<p>La setmana pr\u00e8via a la festa de Carnaval a l&#8217;escola vam estar d&#8217;all\u00f2 m\u00e9s divertits seguint les ordres del rei Carnestoltes. Com diu la tradici\u00f3 no hi ha Carnaval sense disbauxa i gresca i aix\u00ed ho vam fer! Cada dia alumnes i mestres vam anar a l&#8217;escola amb un look diferent! Totes les ordres van ser molt divertides: sabates de diferent manera, complement al cap o pentinat divertit&#8230; per\u00f2 anar a l&#8217;escola amb pijama va ser de les que m\u00e9s ens van agradar.<\/p>\n<p>No us perdeu les imatges tan divertides d&#8217;aquella setmana!<\/p>\n<p><a href=\"https:\/\/photos.app.goo.gl\/Lmi9HBMeBJ6wtfUG8\" target=\"_blank\" rel=\"noopener\"><img loading=\"lazy\" decoding=\"async\" class=\"wp-image-7701 aligncenter\" src=\"https:\/\/agora.xtec.cat\/zer-pedrera\/wp-content\/uploads\/usu1473\/2024\/02\/foto-article-768x1024.jpg\" alt=\"\" width=\"142\" height=\"189\" srcset=\"https:\/\/agora.xtec.cat\/zer-pedrera\/wp-content\/uploads\/usu1473\/2024\/02\/foto-article-768x1024.jpg 768w, https:\/\/agora.xtec.cat\/zer-pedrera\/wp-content\/uploads\/usu1473\/2024\/02\/foto-article-225x300.jpg 225w, https:\/\/agora.xtec.cat\/zer-pedrera\/wp-content\/uploads\/usu1473\/2024\/02\/foto-article.jpg 1024w\" sizes=\"auto, (max-width: 142px) 100vw, 142px\" \/><\/a><\/p>\n<p>&nbsp;<\/p>\n","protected":false},"excerpt":{"rendered":"<p>La setmana pr\u00e8via a la festa de Carnaval a l&#8217;escola vam estar d&#8217;all\u00f2 m\u00e9s divertits seguint les ordres del rei Carnestoltes. Com diu la tradici\u00f3 no hi ha Carnaval sense disbauxa i gresca i aix\u00ed ho vam fer! Cada dia alumnes i mestres vam anar&hellip;  <a href=\"https:\/\/agora.xtec.cat\/zer-pedrera\/general\/setmana-de-carnaval-porcel-de-cervera\/\" title=\"Read Setmana de Carnaval Porcel de Cervera\">Llegeix m\u00e9s\u00bb<\/a><\/p>\n","protected":false},"author":1,"featured_media":7701,"comment_status":"open","ping_status":"closed","sticky":false,"template":"","format":"standard","meta":{"_bbp_topic_count":0,"_bbp_reply_count":0,"_bbp_total_topic_count":0,"_bbp_total_reply_count":0,"_bbp_voice_count":0,"_bbp_anonymous_reply_count":0,"_bbp_topic_count_hidden":0,"_bbp_reply_count_hidden":0,"_bbp_forum_subforum_count":0,"footnotes":""},"categories":[113,111,1,29,89],"tags":[],"class_list":["post-7700","post","type-post","status-publish","format-standard","has-post-thumbnail","hentry","category-e-infantil","category-escola-porcel-de-cervera","category-general","category-portada","category-primaria"],"post_mailing_queue_ids":[],"_links":{"self":[{"href":"https:\/\/agora.xtec.cat\/zer-pedrera\/wp-json\/wp\/v2\/posts\/7700","targetHints":{"allow":["GET"]}}],"collection":[{"href":"https:\/\/agora.xtec.cat\/zer-pedrera\/wp-json\/wp\/v2\/posts"}],"about":[{"href":"https:\/\/agora.xtec.cat\/zer-pedrera\/wp-json\/wp\/v2\/types\/post"}],"author":[{"embeddable":true,"href":"https:\/\/agora.xtec.cat\/zer-pedrera\/wp-json\/wp\/v2\/users\/1"}],"replies":[{"embeddable":true,"href":"https:\/\/agora.xtec.cat\/zer-pedrera\/wp-json\/wp\/v2\/comments?post=7700"}],"version-history":[{"count":2,"href":"https:\/\/agora.xtec.cat\/zer-pedrera\/wp-json\/wp\/v2\/posts\/7700\/revisions"}],"predecessor-version":[{"id":8320,"href":"https:\/\/agora.xtec.cat\/zer-pedrera\/wp-json\/wp\/v2\/posts\/7700\/revisions\/8320"}],"wp:featuredmedia":[{"embeddable":true,"href":"https:\/\/agora.xtec.cat\/zer-pedrera\/wp-json\/wp\/v2\/media\/7701"}],"wp:attachment":[{"href":"https:\/\/agora.xtec.cat\/zer-pedrera\/wp-json\/wp\/v2\/media?parent=7700"}],"wp:term":[{"taxonomy":"category","embeddable":true,"href":"https:\/\/agora.xtec.cat\/zer-pedrera\/wp-json\/wp\/v2\/categories?post=7700"},{"taxonomy":"post_tag","embeddable":true,"href":"https:\/\/agora.xtec.cat\/zer-pedrera\/wp-json\/wp\/v2\/tags?post=7700"}],"curies":[{"name":"wp","href":"https:\/\/api.w.org\/{rel}","templated":true}]}}