{"id":7693,"date":"2024-02-18T21:44:24","date_gmt":"2024-02-18T20:44:24","guid":{"rendered":"https:\/\/agora.xtec.cat\/zer-pedrera\/?p=7693"},"modified":"2024-06-14T19:24:17","modified_gmt":"2024-06-14T17:24:17","slug":"treballem-el-relleu-de-catalunya-cm-i-cs-porcel-de-cervera","status":"publish","type":"post","link":"https:\/\/agora.xtec.cat\/zer-pedrera\/general\/treballem-el-relleu-de-catalunya-cm-i-cs-porcel-de-cervera\/","title":{"rendered":"Treballem el relleu de Catalunya. CM i CS Porcel de Cervera."},"content":{"rendered":"<p align=\"justify\"><span style=\"font-size: large;\">L&#8217;alumnat de 4t, 5\u00e8 i 6\u00e8 a Medi social hem treballat les unitats de relleu de Catalunya i els tipus de paisatge que podem trobar. Una vegada hem recopilat la informaci\u00f3, per grups, hem constru\u00eft una maqueta amb tot el que hem apr\u00e8s. Primer de tot hem dibuixat el mapa de Catalunya i despr\u00e9s l\u2019hem omplert amb plastilina de diversos colors segons el relleu de cada zona i hem fet els r\u00e8tols amb les muntanyes m\u00e9s rellevants de cada zona. Finalment fem una exposici\u00f3, on cada grup explica un tipus de paisatge: de plana, de muntanya i de costa. A continuaci\u00f3 us deixem algunes fotos del proc\u00e9s d\u2019elaboraci\u00f3 de la maqueta. <\/span><\/p>\n<p align=\"justify\"><a href=\"https:\/\/photos.app.goo.gl\/4jNR7B6sdPsAihiMA\" target=\"_blank\" rel=\"noopener\"><img loading=\"lazy\" decoding=\"async\" class=\"wp-image-7694 aligncenter\" src=\"https:\/\/agora.xtec.cat\/zer-pedrera\/wp-content\/uploads\/usu1473\/2024\/02\/imatge-portada.jpg\" alt=\"\" width=\"218\" height=\"163\" srcset=\"https:\/\/agora.xtec.cat\/zer-pedrera\/wp-content\/uploads\/usu1473\/2024\/02\/imatge-portada.jpg 1024w, https:\/\/agora.xtec.cat\/zer-pedrera\/wp-content\/uploads\/usu1473\/2024\/02\/imatge-portada-300x225.jpg 300w, https:\/\/agora.xtec.cat\/zer-pedrera\/wp-content\/uploads\/usu1473\/2024\/02\/imatge-portada-768x576.jpg 768w, https:\/\/agora.xtec.cat\/zer-pedrera\/wp-content\/uploads\/usu1473\/2024\/02\/imatge-portada-200x150.jpg 200w\" sizes=\"auto, (max-width: 218px) 100vw, 218px\" \/><\/a><\/p>\n","protected":false},"excerpt":{"rendered":"<p>L&#8217;alumnat de 4t, 5\u00e8 i 6\u00e8 a Medi social hem treballat les unitats de relleu de Catalunya i els tipus de paisatge que podem trobar. Una vegada hem recopilat la informaci\u00f3, per grups, hem constru\u00eft una maqueta amb tot el que hem apr\u00e8s. Primer de&hellip;  <a href=\"https:\/\/agora.xtec.cat\/zer-pedrera\/general\/treballem-el-relleu-de-catalunya-cm-i-cs-porcel-de-cervera\/\" title=\"Read Treballem el relleu de Catalunya. CM i CS Porcel de Cervera.\">Llegeix m\u00e9s\u00bb<\/a><\/p>\n","protected":false},"author":1,"featured_media":7694,"comment_status":"open","ping_status":"closed","sticky":false,"template":"","format":"standard","meta":{"_bbp_topic_count":0,"_bbp_reply_count":0,"_bbp_total_topic_count":0,"_bbp_total_reply_count":0,"_bbp_voice_count":0,"_bbp_anonymous_reply_count":0,"_bbp_topic_count_hidden":0,"_bbp_reply_count_hidden":0,"_bbp_forum_subforum_count":0,"footnotes":""},"categories":[111,1,116,29,89],"tags":[],"class_list":["post-7693","post","type-post","status-publish","format-standard","has-post-thumbnail","hentry","category-escola-porcel-de-cervera","category-general","category-medi","category-portada","category-primaria"],"post_mailing_queue_ids":[],"_links":{"self":[{"href":"https:\/\/agora.xtec.cat\/zer-pedrera\/wp-json\/wp\/v2\/posts\/7693","targetHints":{"allow":["GET"]}}],"collection":[{"href":"https:\/\/agora.xtec.cat\/zer-pedrera\/wp-json\/wp\/v2\/posts"}],"about":[{"href":"https:\/\/agora.xtec.cat\/zer-pedrera\/wp-json\/wp\/v2\/types\/post"}],"author":[{"embeddable":true,"href":"https:\/\/agora.xtec.cat\/zer-pedrera\/wp-json\/wp\/v2\/users\/1"}],"replies":[{"embeddable":true,"href":"https:\/\/agora.xtec.cat\/zer-pedrera\/wp-json\/wp\/v2\/comments?post=7693"}],"version-history":[{"count":2,"href":"https:\/\/agora.xtec.cat\/zer-pedrera\/wp-json\/wp\/v2\/posts\/7693\/revisions"}],"predecessor-version":[{"id":8321,"href":"https:\/\/agora.xtec.cat\/zer-pedrera\/wp-json\/wp\/v2\/posts\/7693\/revisions\/8321"}],"wp:featuredmedia":[{"embeddable":true,"href":"https:\/\/agora.xtec.cat\/zer-pedrera\/wp-json\/wp\/v2\/media\/7694"}],"wp:attachment":[{"href":"https:\/\/agora.xtec.cat\/zer-pedrera\/wp-json\/wp\/v2\/media?parent=7693"}],"wp:term":[{"taxonomy":"category","embeddable":true,"href":"https:\/\/agora.xtec.cat\/zer-pedrera\/wp-json\/wp\/v2\/categories?post=7693"},{"taxonomy":"post_tag","embeddable":true,"href":"https:\/\/agora.xtec.cat\/zer-pedrera\/wp-json\/wp\/v2\/tags?post=7693"}],"curies":[{"name":"wp","href":"https:\/\/api.w.org\/{rel}","templated":true}]}}