{"id":7690,"date":"2024-02-18T21:39:10","date_gmt":"2024-02-18T20:39:10","guid":{"rendered":"https:\/\/agora.xtec.cat\/zer-pedrera\/?p=7690"},"modified":"2024-06-14T19:25:23","modified_gmt":"2024-06-14T17:25:23","slug":"practiquem-amb-sillaba-tonica-i-atones-ci-porcel-de-cervera","status":"publish","type":"post","link":"https:\/\/agora.xtec.cat\/zer-pedrera\/general\/practiquem-amb-sillaba-tonica-i-atones-ci-porcel-de-cervera\/","title":{"rendered":"Practiquem amb s\u00edl\u00b7laba t\u00f2nica i \u00e0tones. CI Porcel de Cervera"},"content":{"rendered":"<p align=\"justify\"><span style=\"font-size: medium;\">Els i les alumnes de cicle inicial treballem, a partir de diversos jocs, el recompte de s\u00edl\u00b7labes i diferenciem entre les s\u00edl\u00b7labes t\u00f2niques i \u00e0tones. <\/span><\/p>\n<p align=\"justify\"><span style=\"font-size: medium;\">Els infants han introdu\u00eft les imatges dins del seu pot corresponent, segons el nombre de s\u00edl\u00b7labes, han separat les s\u00edl\u00b7labes i han col\u00b7locat una pin\u00e7a a les que sonen m\u00e9s fort i, per \u00faltim han jugat a l\u2019oca sil\u00b7l\u00e0bica. Ens ho hem passat d\u2019all\u00f2 m\u00e9s b\u00e9. <\/span><\/p>\n<p align=\"justify\">Per veure m\u00e9s fotos clica\u00a0 a la imatge.<\/p>\n<p align=\"justify\"><a href=\"https:\/\/photos.app.goo.gl\/maGpBJEKzdxa3UQD9\" target=\"_blank\" rel=\"noopener\"><img loading=\"lazy\" decoding=\"async\" class=\"wp-image-7691 aligncenter\" src=\"https:\/\/agora.xtec.cat\/zer-pedrera\/wp-content\/uploads\/usu1473\/2024\/02\/foto-portada-768x1024.jpg\" alt=\"\" width=\"158\" height=\"211\" srcset=\"https:\/\/agora.xtec.cat\/zer-pedrera\/wp-content\/uploads\/usu1473\/2024\/02\/foto-portada-768x1024.jpg 768w, https:\/\/agora.xtec.cat\/zer-pedrera\/wp-content\/uploads\/usu1473\/2024\/02\/foto-portada-225x300.jpg 225w, https:\/\/agora.xtec.cat\/zer-pedrera\/wp-content\/uploads\/usu1473\/2024\/02\/foto-portada.jpg 1024w\" sizes=\"auto, (max-width: 158px) 100vw, 158px\" \/><\/a><\/p>\n","protected":false},"excerpt":{"rendered":"<p>Els i les alumnes de cicle inicial treballem, a partir de diversos jocs, el recompte de s\u00edl\u00b7labes i diferenciem entre les s\u00edl\u00b7labes t\u00f2niques i \u00e0tones.<br \/>\nEls infants han introdu\u00eft les imatges dins del seu pot corresponent, segons el nombre de s\u00edl\u00b7labes, han separat les s\u00edl\u00b7labes&hellip;  <a href=\"https:\/\/agora.xtec.cat\/zer-pedrera\/general\/practiquem-amb-sillaba-tonica-i-atones-ci-porcel-de-cervera\/\" title=\"Read Practiquem amb s\u00edl\u00b7laba t\u00f2nica i \u00e0tones. CI Porcel de Cervera\">Llegeix m\u00e9s\u00bb<\/a><\/p>\n","protected":false},"author":1,"featured_media":7691,"comment_status":"open","ping_status":"closed","sticky":false,"template":"","format":"standard","meta":{"_bbp_topic_count":0,"_bbp_reply_count":0,"_bbp_total_topic_count":0,"_bbp_total_reply_count":0,"_bbp_voice_count":0,"_bbp_anonymous_reply_count":0,"_bbp_topic_count_hidden":0,"_bbp_reply_count_hidden":0,"_bbp_forum_subforum_count":0,"footnotes":""},"categories":[111,1,29,89],"tags":[],"class_list":["post-7690","post","type-post","status-publish","format-standard","has-post-thumbnail","hentry","category-escola-porcel-de-cervera","category-general","category-portada","category-primaria"],"post_mailing_queue_ids":[],"_links":{"self":[{"href":"https:\/\/agora.xtec.cat\/zer-pedrera\/wp-json\/wp\/v2\/posts\/7690","targetHints":{"allow":["GET"]}}],"collection":[{"href":"https:\/\/agora.xtec.cat\/zer-pedrera\/wp-json\/wp\/v2\/posts"}],"about":[{"href":"https:\/\/agora.xtec.cat\/zer-pedrera\/wp-json\/wp\/v2\/types\/post"}],"author":[{"embeddable":true,"href":"https:\/\/agora.xtec.cat\/zer-pedrera\/wp-json\/wp\/v2\/users\/1"}],"replies":[{"embeddable":true,"href":"https:\/\/agora.xtec.cat\/zer-pedrera\/wp-json\/wp\/v2\/comments?post=7690"}],"version-history":[{"count":2,"href":"https:\/\/agora.xtec.cat\/zer-pedrera\/wp-json\/wp\/v2\/posts\/7690\/revisions"}],"predecessor-version":[{"id":8322,"href":"https:\/\/agora.xtec.cat\/zer-pedrera\/wp-json\/wp\/v2\/posts\/7690\/revisions\/8322"}],"wp:featuredmedia":[{"embeddable":true,"href":"https:\/\/agora.xtec.cat\/zer-pedrera\/wp-json\/wp\/v2\/media\/7691"}],"wp:attachment":[{"href":"https:\/\/agora.xtec.cat\/zer-pedrera\/wp-json\/wp\/v2\/media?parent=7690"}],"wp:term":[{"taxonomy":"category","embeddable":true,"href":"https:\/\/agora.xtec.cat\/zer-pedrera\/wp-json\/wp\/v2\/categories?post=7690"},{"taxonomy":"post_tag","embeddable":true,"href":"https:\/\/agora.xtec.cat\/zer-pedrera\/wp-json\/wp\/v2\/tags?post=7690"}],"curies":[{"name":"wp","href":"https:\/\/api.w.org\/{rel}","templated":true}]}}