{"id":7686,"date":"2024-02-16T19:31:56","date_gmt":"2024-02-16T18:31:56","guid":{"rendered":"https:\/\/agora.xtec.cat\/zer-pedrera\/?p=7686"},"modified":"2024-02-16T19:31:56","modified_gmt":"2024-02-16T18:31:56","slug":"portes-obertes-escola-porcel-de-cervera","status":"publish","type":"post","link":"https:\/\/agora.xtec.cat\/zer-pedrera\/general\/portes-obertes-escola-porcel-de-cervera\/","title":{"rendered":"Portes obertes escola Porcel de Cervera"},"content":{"rendered":"<p style=\"text-align: left;\">En unes setmanes s&#8217;obre el per\u00edode de preinscripci\u00f3 d&#8217;Ed. Infantil i prim\u00e0ria per al curs escolar 24-25.<\/p>\n<p>Si esteu interesats en con\u00e8<span style=\"font-family: inherit; font-size: 1em;\">ixer la nostra escola i formar part de la nostra comunitat educativa no dubteu en posar-vos en contacte amb nosaltres!<\/span><\/p>\n<p>Us convidem a la Jornada de<span style=\"font-family: inherit; font-size: 1em;\"> portes obertes que durem a terme el proper dimecres 21 de febrer de 15 a 17h. Us Hi esperem!!<\/span><\/p>\n<p><a href=\"https:\/\/agora.xtec.cat\/zer-pedrera\/wp-content\/uploads\/usu1473\/2024\/02\/IMG-20240216-WA0015.jpg\"><img loading=\"lazy\" decoding=\"async\" src=\"https:\/\/agora.xtec.cat\/zer-pedrera\/wp-content\/uploads\/usu1473\/2024\/02\/IMG-20240216-WA0015-724x1024.jpg\" alt=\"\" width=\"724\" height=\"1024\" \/><\/a><\/p>\n<p>&nbsp;<\/p>\n","protected":false},"excerpt":{"rendered":"<p>En unes setmanes s&#8217;obre el per\u00edode de preinscripci\u00f3 d&#8217;Ed. Infantil i prim\u00e0ria per al curs escolar 24-25.<br \/>\nSi esteu interesats en con\u00e8ixer la nostra escola i formar part de la nostra comunitat educativa no dubteu en posar-vos en contacte amb nosaltres!<br \/>\nUs convidem a la Jornada de&hellip;  <a href=\"https:\/\/agora.xtec.cat\/zer-pedrera\/general\/portes-obertes-escola-porcel-de-cervera\/\" title=\"Read Portes obertes escola Porcel de Cervera\">Llegeix m\u00e9s\u00bb<\/a><\/p>\n","protected":false},"author":1,"featured_media":7688,"comment_status":"open","ping_status":"closed","sticky":false,"template":"","format":"standard","meta":{"_bbp_topic_count":0,"_bbp_reply_count":0,"_bbp_total_topic_count":0,"_bbp_total_reply_count":0,"_bbp_voice_count":0,"_bbp_anonymous_reply_count":0,"_bbp_topic_count_hidden":0,"_bbp_reply_count_hidden":0,"_bbp_forum_subforum_count":0,"footnotes":""},"categories":[113,111,1,29,89],"tags":[],"class_list":["post-7686","post","type-post","status-publish","format-standard","has-post-thumbnail","hentry","category-e-infantil","category-escola-porcel-de-cervera","category-general","category-portada","category-primaria"],"post_mailing_queue_ids":[],"_links":{"self":[{"href":"https:\/\/agora.xtec.cat\/zer-pedrera\/wp-json\/wp\/v2\/posts\/7686","targetHints":{"allow":["GET"]}}],"collection":[{"href":"https:\/\/agora.xtec.cat\/zer-pedrera\/wp-json\/wp\/v2\/posts"}],"about":[{"href":"https:\/\/agora.xtec.cat\/zer-pedrera\/wp-json\/wp\/v2\/types\/post"}],"author":[{"embeddable":true,"href":"https:\/\/agora.xtec.cat\/zer-pedrera\/wp-json\/wp\/v2\/users\/1"}],"replies":[{"embeddable":true,"href":"https:\/\/agora.xtec.cat\/zer-pedrera\/wp-json\/wp\/v2\/comments?post=7686"}],"version-history":[{"count":2,"href":"https:\/\/agora.xtec.cat\/zer-pedrera\/wp-json\/wp\/v2\/posts\/7686\/revisions"}],"predecessor-version":[{"id":7689,"href":"https:\/\/agora.xtec.cat\/zer-pedrera\/wp-json\/wp\/v2\/posts\/7686\/revisions\/7689"}],"wp:featuredmedia":[{"embeddable":true,"href":"https:\/\/agora.xtec.cat\/zer-pedrera\/wp-json\/wp\/v2\/media\/7688"}],"wp:attachment":[{"href":"https:\/\/agora.xtec.cat\/zer-pedrera\/wp-json\/wp\/v2\/media?parent=7686"}],"wp:term":[{"taxonomy":"category","embeddable":true,"href":"https:\/\/agora.xtec.cat\/zer-pedrera\/wp-json\/wp\/v2\/categories?post=7686"},{"taxonomy":"post_tag","embeddable":true,"href":"https:\/\/agora.xtec.cat\/zer-pedrera\/wp-json\/wp\/v2\/tags?post=7686"}],"curies":[{"name":"wp","href":"https:\/\/api.w.org\/{rel}","templated":true}]}}