{"id":7633,"date":"2024-02-11T18:59:20","date_gmt":"2024-02-11T17:59:20","guid":{"rendered":"https:\/\/agora.xtec.cat\/zer-pedrera\/?p=7633"},"modified":"2024-02-11T18:59:20","modified_gmt":"2024-02-11T17:59:20","slug":"ei-de-lescola-abat-ruera-les-garrigues","status":"publish","type":"post","link":"https:\/\/agora.xtec.cat\/zer-pedrera\/general\/ei-de-lescola-abat-ruera-les-garrigues\/","title":{"rendered":"EI de l&#8217;escola Abat Ruera. Les Garrigues"},"content":{"rendered":"<p>Les Garrigues \u00e9s l&#8217;eix transversal de la ZER Pedrera. Ja fa dies que l&#8217;alumnat d&#8217;Educaci\u00f3 Prim\u00e0ria l&#8217;est\u00e0 treballant. Aquesta setmana han comen\u00e7at l&#8217;alumnat d&#8217;Educaci\u00f3 Infantil. I sabeu com? Treballant l&#8217;escriptura del nom Garrigues.<\/p>\n<p>Mireu que b\u00e9 ho han fet!<\/p>\n<p><a href=\"https:\/\/agora.xtec.cat\/zer-pedrera\/wp-content\/uploads\/usu1473\/2024\/02\/IMG-20240201-WA0008.jpg\"><img loading=\"lazy\" decoding=\"async\" class=\"size-full wp-image-7635 aligncenter\" src=\"https:\/\/agora.xtec.cat\/zer-pedrera\/wp-content\/uploads\/usu1473\/2024\/02\/IMG-20240201-WA0008.jpg\" alt=\"\" width=\"500\" height=\"889\" srcset=\"https:\/\/agora.xtec.cat\/zer-pedrera\/wp-content\/uploads\/usu1473\/2024\/02\/IMG-20240201-WA0008.jpg 500w, https:\/\/agora.xtec.cat\/zer-pedrera\/wp-content\/uploads\/usu1473\/2024\/02\/IMG-20240201-WA0008-169x300.jpg 169w\" sizes=\"auto, (max-width: 500px) 100vw, 500px\" \/><\/a><\/p>\n<p>&nbsp;<\/p>\n","protected":false},"excerpt":{"rendered":"<p>Les Garrigues \u00e9s l&#8217;eix transversal de la ZER Pedrera. Ja fa dies que l&#8217;alumnat d&#8217;Educaci\u00f3 Prim\u00e0ria l&#8217;est\u00e0 treballant. Aquesta setmana han comen\u00e7at l&#8217;alumnat d&#8217;Educaci\u00f3 Infantil. I sabeu com? Treballant l&#8217;escriptura del nom Garrigues.<br \/>\nMireu que b\u00e9 ho han fet!<br \/>\n<a href=\"https:\/\/agora.xtec.cat\/zer-pedrera\/wp-content\/uploads\/usu1473\/2024\/02\/IMG-20240201-WA0008.jpg\"><\/a><br \/>\n&nbsp;<\/p>\n","protected":false},"author":1,"featured_media":7635,"comment_status":"open","ping_status":"closed","sticky":false,"template":"","format":"standard","meta":{"_bbp_topic_count":0,"_bbp_reply_count":0,"_bbp_total_topic_count":0,"_bbp_total_reply_count":0,"_bbp_voice_count":0,"_bbp_anonymous_reply_count":0,"_bbp_topic_count_hidden":0,"_bbp_reply_count_hidden":0,"_bbp_forum_subforum_count":0,"footnotes":""},"categories":[125,113,110,1,29,120],"tags":[],"class_list":["post-7633","post","type-post","status-publish","format-standard","has-post-thumbnail","hentry","category-catala","category-e-infantil","category-escola-abat-ruera","category-general","category-portada","category-projectes"],"post_mailing_queue_ids":[],"_links":{"self":[{"href":"https:\/\/agora.xtec.cat\/zer-pedrera\/wp-json\/wp\/v2\/posts\/7633","targetHints":{"allow":["GET"]}}],"collection":[{"href":"https:\/\/agora.xtec.cat\/zer-pedrera\/wp-json\/wp\/v2\/posts"}],"about":[{"href":"https:\/\/agora.xtec.cat\/zer-pedrera\/wp-json\/wp\/v2\/types\/post"}],"author":[{"embeddable":true,"href":"https:\/\/agora.xtec.cat\/zer-pedrera\/wp-json\/wp\/v2\/users\/1"}],"replies":[{"embeddable":true,"href":"https:\/\/agora.xtec.cat\/zer-pedrera\/wp-json\/wp\/v2\/comments?post=7633"}],"version-history":[{"count":4,"href":"https:\/\/agora.xtec.cat\/zer-pedrera\/wp-json\/wp\/v2\/posts\/7633\/revisions"}],"predecessor-version":[{"id":7666,"href":"https:\/\/agora.xtec.cat\/zer-pedrera\/wp-json\/wp\/v2\/posts\/7633\/revisions\/7666"}],"wp:featuredmedia":[{"embeddable":true,"href":"https:\/\/agora.xtec.cat\/zer-pedrera\/wp-json\/wp\/v2\/media\/7635"}],"wp:attachment":[{"href":"https:\/\/agora.xtec.cat\/zer-pedrera\/wp-json\/wp\/v2\/media?parent=7633"}],"wp:term":[{"taxonomy":"category","embeddable":true,"href":"https:\/\/agora.xtec.cat\/zer-pedrera\/wp-json\/wp\/v2\/categories?post=7633"},{"taxonomy":"post_tag","embeddable":true,"href":"https:\/\/agora.xtec.cat\/zer-pedrera\/wp-json\/wp\/v2\/tags?post=7633"}],"curies":[{"name":"wp","href":"https:\/\/api.w.org\/{rel}","templated":true}]}}