{"id":7622,"date":"2024-01-31T22:42:07","date_gmt":"2024-01-31T21:42:07","guid":{"rendered":"https:\/\/agora.xtec.cat\/zer-pedrera\/?p=7622"},"modified":"2024-06-14T19:39:30","modified_gmt":"2024-06-14T17:39:30","slug":"celebrem-el-denip-escola-porcel-de-cervera","status":"publish","type":"post","link":"https:\/\/agora.xtec.cat\/zer-pedrera\/general\/celebrem-el-denip-escola-porcel-de-cervera\/","title":{"rendered":"Celebrem el DENIP. Escola Porcel de Cervera."},"content":{"rendered":"<p style=\"text-align: left;\">Com cada any, quan arriba el 30 de gener, ens toca fer un petita parada de les activitats escolars quotidianes per celebrar el dia escolar de la No Viol\u00e8ncia i la Pau. Afortunadament, aquests valors cada dia est\u00e1n m\u00e9s inmersos i interioritzats en el nostre alumnat per\u00f2 molts cops sembla que no sempre van acompanyats amb la societat que ens envolta. Per aix\u00f2 sovint des de l&#8217;escola ens cal refor\u00e7ar aquestes idees i valors amb activitats que ens recordin que sense viol\u00e8ncia i amb pau els conflictes segur es poden solventar millor. Aquest any hem dedicat la tarda del DENIP a realizar 3 petits tallers on la din\u00e0mica principal havia de ser ajudar-nos i cooperar els uns amb els altres. Hem fet un land art amb el s\u00edmbol de la Pau, hem pensat desitjos sobre la Pau que hem penjat a un arbre del pati i ens hem construit pulseretes amb una paraula relacionada amb la Pau.<\/p>\n<p>H<span style=\"font-family: inherit; font-size: 1em;\">em passat una estona molt divertida! Si cliqueu a la foto podeu veure un petit recull d&#8217;imatges.<\/span><\/p>\n<p><a href=\"https:\/\/photos.app.goo.gl\/7rxTnrY1bSJTmXsR8\" target=\"_blank\" rel=\"noopener\"><img loading=\"lazy\" decoding=\"async\" src=\"https:\/\/agora.xtec.cat\/zer-pedrera\/wp-content\/uploads\/usu1473\/2024\/01\/1706736834305-279x300.jpg\" alt=\"\" width=\"279\" height=\"300\" \/><\/a><\/p>\n<p>&nbsp;<\/p>\n","protected":false},"excerpt":{"rendered":"<p>Com cada any, quan arriba el 30 de gener, ens toca fer un petita parada de les activitats escolars quotidianes per celebrar el dia escolar de la No Viol\u00e8ncia i la Pau. Afortunadament, aquests valors cada dia est\u00e1n m\u00e9s inmersos i interioritzats en el nostre&hellip;  <a href=\"https:\/\/agora.xtec.cat\/zer-pedrera\/general\/celebrem-el-denip-escola-porcel-de-cervera\/\" title=\"Read Celebrem el DENIP. Escola Porcel de Cervera.\">Llegeix m\u00e9s\u00bb<\/a><\/p>\n","protected":false},"author":1,"featured_media":7630,"comment_status":"open","ping_status":"closed","sticky":false,"template":"","format":"standard","meta":{"_bbp_topic_count":0,"_bbp_reply_count":0,"_bbp_total_topic_count":0,"_bbp_total_reply_count":0,"_bbp_voice_count":0,"_bbp_anonymous_reply_count":0,"_bbp_topic_count_hidden":0,"_bbp_reply_count_hidden":0,"_bbp_forum_subforum_count":0,"footnotes":""},"categories":[113,111,1,29,89],"tags":[],"class_list":["post-7622","post","type-post","status-publish","format-standard","has-post-thumbnail","hentry","category-e-infantil","category-escola-porcel-de-cervera","category-general","category-portada","category-primaria"],"post_mailing_queue_ids":[],"_links":{"self":[{"href":"https:\/\/agora.xtec.cat\/zer-pedrera\/wp-json\/wp\/v2\/posts\/7622","targetHints":{"allow":["GET"]}}],"collection":[{"href":"https:\/\/agora.xtec.cat\/zer-pedrera\/wp-json\/wp\/v2\/posts"}],"about":[{"href":"https:\/\/agora.xtec.cat\/zer-pedrera\/wp-json\/wp\/v2\/types\/post"}],"author":[{"embeddable":true,"href":"https:\/\/agora.xtec.cat\/zer-pedrera\/wp-json\/wp\/v2\/users\/1"}],"replies":[{"embeddable":true,"href":"https:\/\/agora.xtec.cat\/zer-pedrera\/wp-json\/wp\/v2\/comments?post=7622"}],"version-history":[{"count":3,"href":"https:\/\/agora.xtec.cat\/zer-pedrera\/wp-json\/wp\/v2\/posts\/7622\/revisions"}],"predecessor-version":[{"id":8324,"href":"https:\/\/agora.xtec.cat\/zer-pedrera\/wp-json\/wp\/v2\/posts\/7622\/revisions\/8324"}],"wp:featuredmedia":[{"embeddable":true,"href":"https:\/\/agora.xtec.cat\/zer-pedrera\/wp-json\/wp\/v2\/media\/7630"}],"wp:attachment":[{"href":"https:\/\/agora.xtec.cat\/zer-pedrera\/wp-json\/wp\/v2\/media?parent=7622"}],"wp:term":[{"taxonomy":"category","embeddable":true,"href":"https:\/\/agora.xtec.cat\/zer-pedrera\/wp-json\/wp\/v2\/categories?post=7622"},{"taxonomy":"post_tag","embeddable":true,"href":"https:\/\/agora.xtec.cat\/zer-pedrera\/wp-json\/wp\/v2\/tags?post=7622"}],"curies":[{"name":"wp","href":"https:\/\/api.w.org\/{rel}","templated":true}]}}