{"id":7617,"date":"2024-02-02T11:27:18","date_gmt":"2024-02-02T10:27:18","guid":{"rendered":"https:\/\/agora.xtec.cat\/zer-pedrera\/?p=7617"},"modified":"2024-06-14T19:34:46","modified_gmt":"2024-06-14T17:34:46","slug":"escola-abat-ruera-conte-el-dia-que-va-comencar-la-guerra","status":"publish","type":"post","link":"https:\/\/agora.xtec.cat\/zer-pedrera\/general\/escola-abat-ruera-conte-el-dia-que-va-comencar-la-guerra\/","title":{"rendered":"Escola Abat Ruera. Conte: El dia que va comen\u00e7ar la guerra"},"content":{"rendered":"<p class=\"font-serif\">Una de les activitats del dia de la Pau va ser explicar el conte &#8220;El dia que va comen\u00e7ar la guerra&#8221;. Aquest llibre est\u00e0 inspirat en la hist\u00f2ria d&#8217;una nena refugiada a qui havien negat l&#8217;entrada a una escola perqu\u00e8 no hi havia cadira per a ella. D&#8217; aqu\u00ed va sortir el seg\u00fcent poema, que es va publicar a la web del diari The Guardian amb imatges d una cadira buida. Dies despr\u00e9s, milers de persones van publicar imatges de cadires buides dels artistas Jackie Morris i Petr Hor\u00e1cek com a s\u00edmbols de solidaritat amb aquells nens que ho havien perdut tot i que no tenien on anar ni oportunitat de rebre educaci\u00f3. Una historia per a recordar-nos del poder de la bondat i la seva capacitat de donar-nos esperan\u00e7a per un futur millor.<\/p>\n<p class=\"font-serif\">El nostre alumnat han decorat l&#8217;escola amb els seus dibuixos de cadires.<\/p>\n<p style=\"text-align: center;\"><a href=\"https:\/\/photos.app.goo.gl\/KtjEHodmNC1fN2oC9\" target=\"_blank\" rel=\"noopener\"><img loading=\"lazy\" decoding=\"async\" class=\"alignnone size-full wp-image-7618\" src=\"https:\/\/agora.xtec.cat\/zer-pedrera\/wp-content\/uploads\/usu1473\/2024\/01\/El-dia-guerra_cat_contorno-768x652-1.jpg\" alt=\"\" width=\"400\" height=\"340\" srcset=\"https:\/\/agora.xtec.cat\/zer-pedrera\/wp-content\/uploads\/usu1473\/2024\/01\/El-dia-guerra_cat_contorno-768x652-1.jpg 400w, https:\/\/agora.xtec.cat\/zer-pedrera\/wp-content\/uploads\/usu1473\/2024\/01\/El-dia-guerra_cat_contorno-768x652-1-300x255.jpg 300w\" sizes=\"auto, (max-width: 400px) 100vw, 400px\" \/><\/a><\/p>\n<p>&nbsp;<\/p>\n","protected":false},"excerpt":{"rendered":"<p>Una de les activitats del dia de la Pau va ser explicar el conte &#8220;El dia que va comen\u00e7ar la guerra&#8221;. Aquest llibre est\u00e0 inspirat en la hist\u00f2ria d&#8217;una nena refugiada a qui havien negat l&#8217;entrada a una escola perqu\u00e8 no hi havia cadira per&hellip;  <a href=\"https:\/\/agora.xtec.cat\/zer-pedrera\/general\/escola-abat-ruera-conte-el-dia-que-va-comencar-la-guerra\/\" title=\"Read Escola Abat Ruera. Conte: El dia que va comen\u00e7ar la guerra\">Llegeix m\u00e9s\u00bb<\/a><\/p>\n","protected":false},"author":1,"featured_media":7618,"comment_status":"open","ping_status":"closed","sticky":false,"template":"","format":"standard","meta":{"_bbp_topic_count":0,"_bbp_reply_count":0,"_bbp_total_topic_count":0,"_bbp_total_reply_count":0,"_bbp_voice_count":0,"_bbp_anonymous_reply_count":0,"_bbp_topic_count_hidden":0,"_bbp_reply_count_hidden":0,"_bbp_forum_subforum_count":0,"footnotes":""},"categories":[113,110,1,29,89,122],"tags":[],"class_list":["post-7617","post","type-post","status-publish","format-standard","has-post-thumbnail","hentry","category-e-infantil","category-escola-abat-ruera","category-general","category-portada","category-primaria","category-valors"],"post_mailing_queue_ids":[],"_links":{"self":[{"href":"https:\/\/agora.xtec.cat\/zer-pedrera\/wp-json\/wp\/v2\/posts\/7617","targetHints":{"allow":["GET"]}}],"collection":[{"href":"https:\/\/agora.xtec.cat\/zer-pedrera\/wp-json\/wp\/v2\/posts"}],"about":[{"href":"https:\/\/agora.xtec.cat\/zer-pedrera\/wp-json\/wp\/v2\/types\/post"}],"author":[{"embeddable":true,"href":"https:\/\/agora.xtec.cat\/zer-pedrera\/wp-json\/wp\/v2\/users\/1"}],"replies":[{"embeddable":true,"href":"https:\/\/agora.xtec.cat\/zer-pedrera\/wp-json\/wp\/v2\/comments?post=7617"}],"version-history":[{"count":1,"href":"https:\/\/agora.xtec.cat\/zer-pedrera\/wp-json\/wp\/v2\/posts\/7617\/revisions"}],"predecessor-version":[{"id":7619,"href":"https:\/\/agora.xtec.cat\/zer-pedrera\/wp-json\/wp\/v2\/posts\/7617\/revisions\/7619"}],"wp:featuredmedia":[{"embeddable":true,"href":"https:\/\/agora.xtec.cat\/zer-pedrera\/wp-json\/wp\/v2\/media\/7618"}],"wp:attachment":[{"href":"https:\/\/agora.xtec.cat\/zer-pedrera\/wp-json\/wp\/v2\/media?parent=7617"}],"wp:term":[{"taxonomy":"category","embeddable":true,"href":"https:\/\/agora.xtec.cat\/zer-pedrera\/wp-json\/wp\/v2\/categories?post=7617"},{"taxonomy":"post_tag","embeddable":true,"href":"https:\/\/agora.xtec.cat\/zer-pedrera\/wp-json\/wp\/v2\/tags?post=7617"}],"curies":[{"name":"wp","href":"https:\/\/api.w.org\/{rel}","templated":true}]}}