{"id":7603,"date":"2024-02-02T11:26:10","date_gmt":"2024-02-02T10:26:10","guid":{"rendered":"https:\/\/agora.xtec.cat\/zer-pedrera\/?p=7603"},"modified":"2024-02-02T11:26:10","modified_gmt":"2024-02-02T10:26:10","slug":"ci-de-lescola-abat-ruera-el-volum","status":"publish","type":"post","link":"https:\/\/agora.xtec.cat\/zer-pedrera\/general\/ci-de-lescola-abat-ruera-el-volum\/","title":{"rendered":"CI de l&#8217;escola Abat Ruera. El volum"},"content":{"rendered":"<p>Un dels continguts curriculars que es treballa dins de l&#8217;\u00e0rea de Matem\u00e0tiques \u00e9s la geometria. Alguns conceptes geom\u00e8trics s\u00f3n bastant abstractes, per\u00f2 amb el joc, la manipulaci\u00f3 i l&#8217;experimentaci\u00f3 aquests s\u00f3n m\u00e9s f\u00e0cils d&#8217;entendre.<br \/>\nMireu quines construccions realitzen l&#8217;alumnat de CI per treballar la geometria.<\/p>\n<p style=\"text-align: center;\"><a href=\"https:\/\/agora.xtec.cat\/zer-pedrera\/wp-content\/uploads\/usu1473\/2024\/01\/IMG-20240125-WA0019-1.jpg\"><img loading=\"lazy\" decoding=\"async\" class=\"alignnone size-full wp-image-7604\" src=\"https:\/\/agora.xtec.cat\/zer-pedrera\/wp-content\/uploads\/usu1473\/2024\/01\/IMG-20240125-WA0019-1.jpg\" alt=\"\" width=\"400\" height=\"711\" srcset=\"https:\/\/agora.xtec.cat\/zer-pedrera\/wp-content\/uploads\/usu1473\/2024\/01\/IMG-20240125-WA0019-1.jpg 400w, https:\/\/agora.xtec.cat\/zer-pedrera\/wp-content\/uploads\/usu1473\/2024\/01\/IMG-20240125-WA0019-1-169x300.jpg 169w\" sizes=\"auto, (max-width: 400px) 100vw, 400px\" \/><\/a><\/p>\n<p>&nbsp;<\/p>\n","protected":false},"excerpt":{"rendered":"<p>Un dels continguts curriculars que es treballa dins de l&#8217;\u00e0rea de Matem\u00e0tiques \u00e9s la geometria. Alguns conceptes geom\u00e8trics s\u00f3n bastant abstractes, per\u00f2 amb el joc, la manipulaci\u00f3 i l&#8217;experimentaci\u00f3 aquests s\u00f3n m\u00e9s f\u00e0cils d&#8217;entendre.<br \/>\nMireu quines construccions realitzen l&#8217;alumnat de CI per treballar la geometria.<br \/>\n<a href=\"https:\/\/agora.xtec.cat\/zer-pedrera\/wp-content\/uploads\/usu1473\/2024\/01\/IMG-20240125-WA0019-1.jpg\"><\/a><br \/>\n&nbsp;<\/p>\n","protected":false},"author":1,"featured_media":7604,"comment_status":"open","ping_status":"closed","sticky":false,"template":"","format":"standard","meta":{"_bbp_topic_count":0,"_bbp_reply_count":0,"_bbp_total_topic_count":0,"_bbp_total_reply_count":0,"_bbp_voice_count":0,"_bbp_anonymous_reply_count":0,"_bbp_topic_count_hidden":0,"_bbp_reply_count_hidden":0,"_bbp_forum_subforum_count":0,"footnotes":""},"categories":[110,1,126,29,89],"tags":[],"class_list":["post-7603","post","type-post","status-publish","format-standard","has-post-thumbnail","hentry","category-escola-abat-ruera","category-general","category-matematiques","category-portada","category-primaria"],"post_mailing_queue_ids":[],"_links":{"self":[{"href":"https:\/\/agora.xtec.cat\/zer-pedrera\/wp-json\/wp\/v2\/posts\/7603","targetHints":{"allow":["GET"]}}],"collection":[{"href":"https:\/\/agora.xtec.cat\/zer-pedrera\/wp-json\/wp\/v2\/posts"}],"about":[{"href":"https:\/\/agora.xtec.cat\/zer-pedrera\/wp-json\/wp\/v2\/types\/post"}],"author":[{"embeddable":true,"href":"https:\/\/agora.xtec.cat\/zer-pedrera\/wp-json\/wp\/v2\/users\/1"}],"replies":[{"embeddable":true,"href":"https:\/\/agora.xtec.cat\/zer-pedrera\/wp-json\/wp\/v2\/comments?post=7603"}],"version-history":[{"count":1,"href":"https:\/\/agora.xtec.cat\/zer-pedrera\/wp-json\/wp\/v2\/posts\/7603\/revisions"}],"predecessor-version":[{"id":7605,"href":"https:\/\/agora.xtec.cat\/zer-pedrera\/wp-json\/wp\/v2\/posts\/7603\/revisions\/7605"}],"wp:featuredmedia":[{"embeddable":true,"href":"https:\/\/agora.xtec.cat\/zer-pedrera\/wp-json\/wp\/v2\/media\/7604"}],"wp:attachment":[{"href":"https:\/\/agora.xtec.cat\/zer-pedrera\/wp-json\/wp\/v2\/media?parent=7603"}],"wp:term":[{"taxonomy":"category","embeddable":true,"href":"https:\/\/agora.xtec.cat\/zer-pedrera\/wp-json\/wp\/v2\/categories?post=7603"},{"taxonomy":"post_tag","embeddable":true,"href":"https:\/\/agora.xtec.cat\/zer-pedrera\/wp-json\/wp\/v2\/tags?post=7603"}],"curies":[{"name":"wp","href":"https:\/\/api.w.org\/{rel}","templated":true}]}}