{"id":7600,"date":"2024-02-02T11:26:50","date_gmt":"2024-02-02T10:26:50","guid":{"rendered":"https:\/\/agora.xtec.cat\/zer-pedrera\/?p=7600"},"modified":"2024-02-02T11:26:50","modified_gmt":"2024-02-02T10:26:50","slug":"escola-abat-ruera-els-espinacs","status":"publish","type":"post","link":"https:\/\/agora.xtec.cat\/zer-pedrera\/general\/escola-abat-ruera-els-espinacs\/","title":{"rendered":"Escola Abat Ruera. Els espinacs"},"content":{"rendered":"<p>El nostre hort ja comen\u00e7a a donar els seus fruits!!! Ahir\u00a0els mestres\u00a0d&#8217;Educaci\u00f3 F\u00edsica i l&#8217;alumnat d&#8217;Educaci\u00f3 Infantil i Cicle Inicial van anar a collir espinacs i se&#8217;ls han pogut emportar a casa. Segur que estaran bon\u00edssims!!!<\/p>\n<p style=\"text-align: center;\"><a href=\"https:\/\/agora.xtec.cat\/zer-pedrera\/wp-content\/uploads\/usu1473\/2024\/01\/IMG-20240125-WA0019.jpg\"><img loading=\"lazy\" decoding=\"async\" class=\"alignnone size-full wp-image-7601\" src=\"https:\/\/agora.xtec.cat\/zer-pedrera\/wp-content\/uploads\/usu1473\/2024\/01\/IMG-20240125-WA0019.jpg\" alt=\"\" width=\"400\" height=\"225\" srcset=\"https:\/\/agora.xtec.cat\/zer-pedrera\/wp-content\/uploads\/usu1473\/2024\/01\/IMG-20240125-WA0019.jpg 400w, https:\/\/agora.xtec.cat\/zer-pedrera\/wp-content\/uploads\/usu1473\/2024\/01\/IMG-20240125-WA0019-300x169.jpg 300w\" sizes=\"auto, (max-width: 400px) 100vw, 400px\" \/><\/a><\/p>\n","protected":false},"excerpt":{"rendered":"<p>El nostre hort ja comen\u00e7a a donar els seus fruits!!! Ahir\u00a0els mestres\u00a0d&#8217;Educaci\u00f3 F\u00edsica i l&#8217;alumnat d&#8217;Educaci\u00f3 Infantil i Cicle Inicial van anar a collir espinacs i se&#8217;ls han pogut emportar a casa. Segur que estaran bon\u00edssims!!!<br \/>\n<a href=\"https:\/\/agora.xtec.cat\/zer-pedrera\/wp-content\/uploads\/usu1473\/2024\/01\/IMG-20240125-WA0019.jpg\"><\/a><\/p>\n","protected":false},"author":1,"featured_media":7601,"comment_status":"open","ping_status":"closed","sticky":false,"template":"","format":"standard","meta":{"_bbp_topic_count":0,"_bbp_reply_count":0,"_bbp_total_topic_count":0,"_bbp_total_reply_count":0,"_bbp_voice_count":0,"_bbp_anonymous_reply_count":0,"_bbp_topic_count_hidden":0,"_bbp_reply_count_hidden":0,"_bbp_forum_subforum_count":0,"footnotes":""},"categories":[113,110,1,114,29,89],"tags":[],"class_list":["post-7600","post","type-post","status-publish","format-standard","has-post-thumbnail","hentry","category-e-infantil","category-escola-abat-ruera","category-general","category-hort","category-portada","category-primaria"],"post_mailing_queue_ids":[],"_links":{"self":[{"href":"https:\/\/agora.xtec.cat\/zer-pedrera\/wp-json\/wp\/v2\/posts\/7600","targetHints":{"allow":["GET"]}}],"collection":[{"href":"https:\/\/agora.xtec.cat\/zer-pedrera\/wp-json\/wp\/v2\/posts"}],"about":[{"href":"https:\/\/agora.xtec.cat\/zer-pedrera\/wp-json\/wp\/v2\/types\/post"}],"author":[{"embeddable":true,"href":"https:\/\/agora.xtec.cat\/zer-pedrera\/wp-json\/wp\/v2\/users\/1"}],"replies":[{"embeddable":true,"href":"https:\/\/agora.xtec.cat\/zer-pedrera\/wp-json\/wp\/v2\/comments?post=7600"}],"version-history":[{"count":1,"href":"https:\/\/agora.xtec.cat\/zer-pedrera\/wp-json\/wp\/v2\/posts\/7600\/revisions"}],"predecessor-version":[{"id":7602,"href":"https:\/\/agora.xtec.cat\/zer-pedrera\/wp-json\/wp\/v2\/posts\/7600\/revisions\/7602"}],"wp:featuredmedia":[{"embeddable":true,"href":"https:\/\/agora.xtec.cat\/zer-pedrera\/wp-json\/wp\/v2\/media\/7601"}],"wp:attachment":[{"href":"https:\/\/agora.xtec.cat\/zer-pedrera\/wp-json\/wp\/v2\/media?parent=7600"}],"wp:term":[{"taxonomy":"category","embeddable":true,"href":"https:\/\/agora.xtec.cat\/zer-pedrera\/wp-json\/wp\/v2\/categories?post=7600"},{"taxonomy":"post_tag","embeddable":true,"href":"https:\/\/agora.xtec.cat\/zer-pedrera\/wp-json\/wp\/v2\/tags?post=7600"}],"curies":[{"name":"wp","href":"https:\/\/api.w.org\/{rel}","templated":true}]}}