{"id":7559,"date":"2024-01-28T02:00:10","date_gmt":"2024-01-28T01:00:10","guid":{"rendered":"https:\/\/agora.xtec.cat\/zer-pedrera\/?p=7559"},"modified":"2024-06-14T19:40:39","modified_gmt":"2024-06-14T17:40:39","slug":"treballem-el-pensament-computacional-infantil-porcel-de-cervera","status":"publish","type":"post","link":"https:\/\/agora.xtec.cat\/zer-pedrera\/general\/treballem-el-pensament-computacional-infantil-porcel-de-cervera\/","title":{"rendered":"Treballem el pensament computacional. Infantil Porcel de Cervera"},"content":{"rendered":"<p class=\"jsx-3897347038 c--grey-neutral-800\">A l&#8217;escola creiem fermament que el desenvolupament del pensamnet computacional amb els infants m\u00e9s petits afavoreix la millora d&#8217;altres habilitats i destreses. Per aix\u00f2 a Ed. Infantil dediquem algunes sessions setmanals a treballar aquest tipus de pensament que no sols els ajudar\u00e0 a desenvolupar noves maneres de pensar en s\u00ed mateixos i en l&#8217;entorn, sin\u00f3 tamb\u00e9 a estimular la creativitat, la resoluci\u00f3 de problemes i l&#8217;aprenentatge col\u00b7laboratiu. Alumnes i mestres gaudim molt amb aquestes sessions i creiem que s\u00f3n molt motivadores i gratificants.<\/p>\n<p>Si voleu veure que b\u00e9 ho passem, cliqueu a la imatge.<\/p>\n<p><a href=\"https:\/\/photos.app.goo.gl\/1UGKivYc5XsfTY3R6\" target=\"_blank\" rel=\"noopener\"><img loading=\"lazy\" decoding=\"async\" class=\"wp-image-7614 aligncenter\" src=\"https:\/\/agora.xtec.cat\/zer-pedrera\/wp-content\/uploads\/usu1473\/2024\/01\/portada-llengutage-compu.jpg\" alt=\"\" width=\"270\" height=\"202\" srcset=\"https:\/\/agora.xtec.cat\/zer-pedrera\/wp-content\/uploads\/usu1473\/2024\/01\/portada-llengutage-compu.jpg 1024w, https:\/\/agora.xtec.cat\/zer-pedrera\/wp-content\/uploads\/usu1473\/2024\/01\/portada-llengutage-compu-300x225.jpg 300w, https:\/\/agora.xtec.cat\/zer-pedrera\/wp-content\/uploads\/usu1473\/2024\/01\/portada-llengutage-compu-768x576.jpg 768w, https:\/\/agora.xtec.cat\/zer-pedrera\/wp-content\/uploads\/usu1473\/2024\/01\/portada-llengutage-compu-200x150.jpg 200w\" sizes=\"auto, (max-width: 270px) 100vw, 270px\" \/><\/a><\/p>\n","protected":false},"excerpt":{"rendered":"<p>A l&#8217;escola creiem fermament que el desenvolupament del pensamnet computacional amb els infants m\u00e9s petits afavoreix la millora d&#8217;altres habilitats i destreses. Per aix\u00f2 a Ed. Infantil dediquem algunes sessions setmanals a treballar aquest tipus de pensament que no sols els ajudar\u00e0 a desenvolupar noves&hellip;  <a href=\"https:\/\/agora.xtec.cat\/zer-pedrera\/general\/treballem-el-pensament-computacional-infantil-porcel-de-cervera\/\" title=\"Read Treballem el pensament computacional. Infantil Porcel de Cervera\">Llegeix m\u00e9s\u00bb<\/a><\/p>\n","protected":false},"author":1,"featured_media":7614,"comment_status":"open","ping_status":"closed","sticky":false,"template":"","format":"standard","meta":{"_bbp_topic_count":0,"_bbp_reply_count":0,"_bbp_total_topic_count":0,"_bbp_total_reply_count":0,"_bbp_voice_count":0,"_bbp_anonymous_reply_count":0,"_bbp_topic_count_hidden":0,"_bbp_reply_count_hidden":0,"_bbp_forum_subforum_count":0,"footnotes":""},"categories":[113,111,1,29],"tags":[],"class_list":["post-7559","post","type-post","status-publish","format-standard","has-post-thumbnail","hentry","category-e-infantil","category-escola-porcel-de-cervera","category-general","category-portada"],"post_mailing_queue_ids":[],"_links":{"self":[{"href":"https:\/\/agora.xtec.cat\/zer-pedrera\/wp-json\/wp\/v2\/posts\/7559","targetHints":{"allow":["GET"]}}],"collection":[{"href":"https:\/\/agora.xtec.cat\/zer-pedrera\/wp-json\/wp\/v2\/posts"}],"about":[{"href":"https:\/\/agora.xtec.cat\/zer-pedrera\/wp-json\/wp\/v2\/types\/post"}],"author":[{"embeddable":true,"href":"https:\/\/agora.xtec.cat\/zer-pedrera\/wp-json\/wp\/v2\/users\/1"}],"replies":[{"embeddable":true,"href":"https:\/\/agora.xtec.cat\/zer-pedrera\/wp-json\/wp\/v2\/comments?post=7559"}],"version-history":[{"count":4,"href":"https:\/\/agora.xtec.cat\/zer-pedrera\/wp-json\/wp\/v2\/posts\/7559\/revisions"}],"predecessor-version":[{"id":8325,"href":"https:\/\/agora.xtec.cat\/zer-pedrera\/wp-json\/wp\/v2\/posts\/7559\/revisions\/8325"}],"wp:featuredmedia":[{"embeddable":true,"href":"https:\/\/agora.xtec.cat\/zer-pedrera\/wp-json\/wp\/v2\/media\/7614"}],"wp:attachment":[{"href":"https:\/\/agora.xtec.cat\/zer-pedrera\/wp-json\/wp\/v2\/media?parent=7559"}],"wp:term":[{"taxonomy":"category","embeddable":true,"href":"https:\/\/agora.xtec.cat\/zer-pedrera\/wp-json\/wp\/v2\/categories?post=7559"},{"taxonomy":"post_tag","embeddable":true,"href":"https:\/\/agora.xtec.cat\/zer-pedrera\/wp-json\/wp\/v2\/tags?post=7559"}],"curies":[{"name":"wp","href":"https:\/\/api.w.org\/{rel}","templated":true}]}}