{"id":7544,"date":"2024-01-19T12:09:17","date_gmt":"2024-01-19T11:09:17","guid":{"rendered":"https:\/\/agora.xtec.cat\/zer-pedrera\/?p=7544"},"modified":"2024-06-14T19:51:49","modified_gmt":"2024-06-14T17:51:49","slug":"compartim-els-regals-dels-reis-de-casa-porcel-de-cervera","status":"publish","type":"post","link":"https:\/\/agora.xtec.cat\/zer-pedrera\/general\/compartim-els-regals-dels-reis-de-casa-porcel-de-cervera\/","title":{"rendered":"Compartim els regals dels Reis de casa. Porcel de Cervera."},"content":{"rendered":"<p>L&#8217;arribada dels Reis Mags sempre \u00e9s un moment d&#8217;il.lusi\u00f3 que omple les llars de m\u00e0gia. Com cada any, en arribar de vacances, els nostres alumnes estan entusiasmats per compartir amb la resta de companys-es i mestres les seves viv\u00e8nvies durant el Nadal. L&#8217; arribada dels Reis a les seves cases sempre \u00e9s un punt en com\u00fa. Per aquest motiu, el passat divendres, tot l&#8217;alumnat va tenir l&#8217;oportunitat de portar a l&#8217;escola aquell regal que m\u00e9s els havia agradat, ill.usionat&#8230; i compartir-lo\u00a0 una estona amb la resta de companys-es.<\/p>\n<p>Clica la imatge per veure m\u00e9s fotos.<\/p>\n<p><a href=\"https:\/\/photos.app.goo.gl\/bejVVdnKcTKSvSn89\" target=\"_blank\" rel=\"noopener\"><img loading=\"lazy\" decoding=\"async\" class=\"wp-image-7554 aligncenter\" src=\"https:\/\/agora.xtec.cat\/zer-pedrera\/wp-content\/uploads\/usu1473\/2024\/01\/1705661939261-1024x768.jpg\" alt=\"\" width=\"151\" height=\"113\" srcset=\"https:\/\/agora.xtec.cat\/zer-pedrera\/wp-content\/uploads\/usu1473\/2024\/01\/1705661939261-1024x768.jpg 1024w, https:\/\/agora.xtec.cat\/zer-pedrera\/wp-content\/uploads\/usu1473\/2024\/01\/1705661939261-300x225.jpg 300w, https:\/\/agora.xtec.cat\/zer-pedrera\/wp-content\/uploads\/usu1473\/2024\/01\/1705661939261-768x576.jpg 768w, https:\/\/agora.xtec.cat\/zer-pedrera\/wp-content\/uploads\/usu1473\/2024\/01\/1705661939261-1536x1152.jpg 1536w, https:\/\/agora.xtec.cat\/zer-pedrera\/wp-content\/uploads\/usu1473\/2024\/01\/1705661939261-200x150.jpg 200w, https:\/\/agora.xtec.cat\/zer-pedrera\/wp-content\/uploads\/usu1473\/2024\/01\/1705661939261.jpg 2048w\" sizes=\"auto, (max-width: 151px) 100vw, 151px\" \/><\/a><\/p>\n","protected":false},"excerpt":{"rendered":"<p>L&#8217;arribada dels Reis Mags sempre \u00e9s un moment d&#8217;il.lusi\u00f3 que omple les llars de m\u00e0gia. Com cada any, en arribar de vacances, els nostres alumnes estan entusiasmats per compartir amb la resta de companys-es i mestres les seves viv\u00e8nvies durant el Nadal. L&#8217; arribada dels&hellip;  <a href=\"https:\/\/agora.xtec.cat\/zer-pedrera\/general\/compartim-els-regals-dels-reis-de-casa-porcel-de-cervera\/\" title=\"Read Compartim els regals dels Reis de casa. Porcel de Cervera.\">Llegeix m\u00e9s\u00bb<\/a><\/p>\n","protected":false},"author":1,"featured_media":7554,"comment_status":"open","ping_status":"closed","sticky":false,"template":"","format":"standard","meta":{"_bbp_topic_count":0,"_bbp_reply_count":0,"_bbp_total_topic_count":0,"_bbp_total_reply_count":0,"_bbp_voice_count":0,"_bbp_anonymous_reply_count":0,"_bbp_topic_count_hidden":0,"_bbp_reply_count_hidden":0,"_bbp_forum_subforum_count":0,"footnotes":""},"categories":[113,1,29],"tags":[],"class_list":["post-7544","post","type-post","status-publish","format-standard","has-post-thumbnail","hentry","category-e-infantil","category-general","category-portada"],"post_mailing_queue_ids":[],"_links":{"self":[{"href":"https:\/\/agora.xtec.cat\/zer-pedrera\/wp-json\/wp\/v2\/posts\/7544","targetHints":{"allow":["GET"]}}],"collection":[{"href":"https:\/\/agora.xtec.cat\/zer-pedrera\/wp-json\/wp\/v2\/posts"}],"about":[{"href":"https:\/\/agora.xtec.cat\/zer-pedrera\/wp-json\/wp\/v2\/types\/post"}],"author":[{"embeddable":true,"href":"https:\/\/agora.xtec.cat\/zer-pedrera\/wp-json\/wp\/v2\/users\/1"}],"replies":[{"embeddable":true,"href":"https:\/\/agora.xtec.cat\/zer-pedrera\/wp-json\/wp\/v2\/comments?post=7544"}],"version-history":[{"count":5,"href":"https:\/\/agora.xtec.cat\/zer-pedrera\/wp-json\/wp\/v2\/posts\/7544\/revisions"}],"predecessor-version":[{"id":8329,"href":"https:\/\/agora.xtec.cat\/zer-pedrera\/wp-json\/wp\/v2\/posts\/7544\/revisions\/8329"}],"wp:featuredmedia":[{"embeddable":true,"href":"https:\/\/agora.xtec.cat\/zer-pedrera\/wp-json\/wp\/v2\/media\/7554"}],"wp:attachment":[{"href":"https:\/\/agora.xtec.cat\/zer-pedrera\/wp-json\/wp\/v2\/media?parent=7544"}],"wp:term":[{"taxonomy":"category","embeddable":true,"href":"https:\/\/agora.xtec.cat\/zer-pedrera\/wp-json\/wp\/v2\/categories?post=7544"},{"taxonomy":"post_tag","embeddable":true,"href":"https:\/\/agora.xtec.cat\/zer-pedrera\/wp-json\/wp\/v2\/tags?post=7544"}],"curies":[{"name":"wp","href":"https:\/\/api.w.org\/{rel}","templated":true}]}}