{"id":7516,"date":"2024-01-12T12:28:41","date_gmt":"2024-01-12T11:28:41","guid":{"rendered":"https:\/\/agora.xtec.cat\/zer-pedrera\/?p=7516"},"modified":"2024-01-12T12:28:41","modified_gmt":"2024-01-12T11:28:41","slug":"escola-abat-ruera-projeccio-documental-temps-era-temps","status":"publish","type":"post","link":"https:\/\/agora.xtec.cat\/zer-pedrera\/general\/escola-abat-ruera-projeccio-documental-temps-era-temps\/","title":{"rendered":"Escola Abat Ruera. Projecci\u00f3 documental &#8220;Temps era Temps&#8221;"},"content":{"rendered":"<p>El curs passat es va dedicar la sisena hora de Comunicaci\u00f3 oral i escrita a la planificaci\u00f3 i realitzaci\u00f3 del projecte &#8220;Temps era temps&#8221;. L&#8217;objecte principal d&#8217;aquesta activitat era aconseguir que l&#8217;alumnat s&#8217;adonessin de la import\u00e0ncia de con\u00e8ixer, recopilar i entendre la vida familiar, escolar i social dels avis del nostre poble quan eren petits.<br \/>\nEl dia 15 de desembre es va obrir l&#8217;escola a tota la comunitat educativa per mostrar el producte final del projecte: un petit documental de les viv\u00e8ncies personals de gent del poble.<br \/>\nDes de l&#8217;escola volem donar les gr\u00e0cies a tots els avis que van participar en el documental i a totes aquelles fam\u00edlies que van venir a gaudir d&#8217;aquest moment.<\/p>\n<p style=\"text-align: center;\"><a href=\"https:\/\/agora.xtec.cat\/zer-pedrera\/wp-content\/uploads\/usu1473\/2024\/01\/IMG-20231215-WA0011.jpg\"><img loading=\"lazy\" decoding=\"async\" class=\"alignnone size-full wp-image-7517\" src=\"https:\/\/agora.xtec.cat\/zer-pedrera\/wp-content\/uploads\/usu1473\/2024\/01\/IMG-20231215-WA0011.jpg\" alt=\"\" width=\"500\" height=\"281\" srcset=\"https:\/\/agora.xtec.cat\/zer-pedrera\/wp-content\/uploads\/usu1473\/2024\/01\/IMG-20231215-WA0011.jpg 500w, https:\/\/agora.xtec.cat\/zer-pedrera\/wp-content\/uploads\/usu1473\/2024\/01\/IMG-20231215-WA0011-300x169.jpg 300w\" sizes=\"auto, (max-width: 500px) 100vw, 500px\" \/><\/a><\/p>\n","protected":false},"excerpt":{"rendered":"<p>El curs passat es va dedicar la sisena hora de Comunicaci\u00f3 oral i escrita a la planificaci\u00f3 i realitzaci\u00f3 del projecte &#8220;Temps era temps&#8221;. L&#8217;objecte principal d&#8217;aquesta activitat era aconseguir que l&#8217;alumnat s&#8217;adonessin de la import\u00e0ncia de con\u00e8ixer, recopilar i entendre la vida familiar, escolar&hellip;  <a href=\"https:\/\/agora.xtec.cat\/zer-pedrera\/general\/escola-abat-ruera-projeccio-documental-temps-era-temps\/\" title=\"Read Escola Abat Ruera. Projecci\u00f3 documental &#8220;Temps era Temps&#8221;\">Llegeix m\u00e9s\u00bb<\/a><\/p>\n","protected":false},"author":1,"featured_media":7517,"comment_status":"open","ping_status":"closed","sticky":false,"template":"","format":"standard","meta":{"_bbp_topic_count":0,"_bbp_reply_count":0,"_bbp_total_topic_count":0,"_bbp_total_reply_count":0,"_bbp_voice_count":0,"_bbp_anonymous_reply_count":0,"_bbp_topic_count_hidden":0,"_bbp_reply_count_hidden":0,"_bbp_forum_subforum_count":0,"footnotes":""},"categories":[125,113,110,1,116,29,89,120,122],"tags":[],"class_list":["post-7516","post","type-post","status-publish","format-standard","has-post-thumbnail","hentry","category-catala","category-e-infantil","category-escola-abat-ruera","category-general","category-medi","category-portada","category-primaria","category-projectes","category-valors"],"post_mailing_queue_ids":[],"_links":{"self":[{"href":"https:\/\/agora.xtec.cat\/zer-pedrera\/wp-json\/wp\/v2\/posts\/7516","targetHints":{"allow":["GET"]}}],"collection":[{"href":"https:\/\/agora.xtec.cat\/zer-pedrera\/wp-json\/wp\/v2\/posts"}],"about":[{"href":"https:\/\/agora.xtec.cat\/zer-pedrera\/wp-json\/wp\/v2\/types\/post"}],"author":[{"embeddable":true,"href":"https:\/\/agora.xtec.cat\/zer-pedrera\/wp-json\/wp\/v2\/users\/1"}],"replies":[{"embeddable":true,"href":"https:\/\/agora.xtec.cat\/zer-pedrera\/wp-json\/wp\/v2\/comments?post=7516"}],"version-history":[{"count":2,"href":"https:\/\/agora.xtec.cat\/zer-pedrera\/wp-json\/wp\/v2\/posts\/7516\/revisions"}],"predecessor-version":[{"id":7519,"href":"https:\/\/agora.xtec.cat\/zer-pedrera\/wp-json\/wp\/v2\/posts\/7516\/revisions\/7519"}],"wp:featuredmedia":[{"embeddable":true,"href":"https:\/\/agora.xtec.cat\/zer-pedrera\/wp-json\/wp\/v2\/media\/7517"}],"wp:attachment":[{"href":"https:\/\/agora.xtec.cat\/zer-pedrera\/wp-json\/wp\/v2\/media?parent=7516"}],"wp:term":[{"taxonomy":"category","embeddable":true,"href":"https:\/\/agora.xtec.cat\/zer-pedrera\/wp-json\/wp\/v2\/categories?post=7516"},{"taxonomy":"post_tag","embeddable":true,"href":"https:\/\/agora.xtec.cat\/zer-pedrera\/wp-json\/wp\/v2\/tags?post=7516"}],"curies":[{"name":"wp","href":"https:\/\/api.w.org\/{rel}","templated":true}]}}