{"id":7472,"date":"2023-12-13T11:53:40","date_gmt":"2023-12-13T10:53:40","guid":{"rendered":"https:\/\/agora.xtec.cat\/zer-pedrera\/?p=7472"},"modified":"2023-12-13T11:56:24","modified_gmt":"2023-12-13T10:56:24","slug":"treballem-lautoestima-porcel-de-cervera","status":"publish","type":"post","link":"https:\/\/agora.xtec.cat\/zer-pedrera\/general\/treballem-lautoestima-porcel-de-cervera\/","title":{"rendered":"Treballem l&#8217;autoestima. Porcel de Cervera"},"content":{"rendered":"<p><span style=\"font-weight: 400;\">Amb l\u2019alumnat de cicle mitj\u00e0 i superior hem realitzat una activitat per tal de treballar la cohesi\u00f3 de grup i l\u2019autoestima.\u00a0<\/span><\/p>\n<p><span style=\"font-weight: 400;\">En qu\u00e8 ha consistit? Doncs cadasc\u00fa hem dibuixat i colorit el nostre retrat. Un cop acabat, cada company i companya de la classe ha escrit de forma an\u00f2nima una qualitat positiva o alguna cosa que se\u2019ns d\u00f3na b\u00e9. Finalment, un per un hem llegit tot all\u00f2 que ens han escrit al nostre dibuix donant-nos les gr\u00e0cies per totes les paraules boniques.\u00a0<\/span><\/p>\n<p>Cliqueu <a href=\"https:\/\/photos.app.goo.gl\/M9EGpZM34tUtRSZH6\">http<\/a><a tabindex=\"-1\" href=\"https:\/\/photos.app.goo.gl\/M9EGpZM34tUtRSZH6\" target=\"_blank\" rel=\"noopener\">photos.app.goo.gl\/M9EGpZM34tUtRSZH6<\/a><\/p>\n<p>&nbsp;<\/p>\n<p>&nbsp;<\/p>\n","protected":false},"excerpt":{"rendered":"<p>Amb l\u2019alumnat de cicle mitj\u00e0 i superior hem realitzat una activitat per tal de treballar la cohesi\u00f3 de grup i l\u2019autoestima.\u00a0<br \/>\nEn qu\u00e8 ha consistit? Doncs cadasc\u00fa hem dibuixat i colorit el nostre retrat. Un cop acabat, cada company i companya de la classe ha escrit&hellip;  <a href=\"https:\/\/agora.xtec.cat\/zer-pedrera\/general\/treballem-lautoestima-porcel-de-cervera\/\" title=\"Read Treballem l&#8217;autoestima. Porcel de Cervera\">Llegeix m\u00e9s\u00bb<\/a><\/p>\n","protected":false},"author":1,"featured_media":7473,"comment_status":"open","ping_status":"closed","sticky":false,"template":"","format":"standard","meta":{"_bbp_topic_count":0,"_bbp_reply_count":0,"_bbp_total_topic_count":0,"_bbp_total_reply_count":0,"_bbp_voice_count":0,"_bbp_anonymous_reply_count":0,"_bbp_topic_count_hidden":0,"_bbp_reply_count_hidden":0,"_bbp_forum_subforum_count":0,"footnotes":""},"categories":[111,1,29,89,122],"tags":[],"class_list":["post-7472","post","type-post","status-publish","format-standard","has-post-thumbnail","hentry","category-escola-porcel-de-cervera","category-general","category-portada","category-primaria","category-valors"],"post_mailing_queue_ids":[],"_links":{"self":[{"href":"https:\/\/agora.xtec.cat\/zer-pedrera\/wp-json\/wp\/v2\/posts\/7472","targetHints":{"allow":["GET"]}}],"collection":[{"href":"https:\/\/agora.xtec.cat\/zer-pedrera\/wp-json\/wp\/v2\/posts"}],"about":[{"href":"https:\/\/agora.xtec.cat\/zer-pedrera\/wp-json\/wp\/v2\/types\/post"}],"author":[{"embeddable":true,"href":"https:\/\/agora.xtec.cat\/zer-pedrera\/wp-json\/wp\/v2\/users\/1"}],"replies":[{"embeddable":true,"href":"https:\/\/agora.xtec.cat\/zer-pedrera\/wp-json\/wp\/v2\/comments?post=7472"}],"version-history":[{"count":2,"href":"https:\/\/agora.xtec.cat\/zer-pedrera\/wp-json\/wp\/v2\/posts\/7472\/revisions"}],"predecessor-version":[{"id":7480,"href":"https:\/\/agora.xtec.cat\/zer-pedrera\/wp-json\/wp\/v2\/posts\/7472\/revisions\/7480"}],"wp:featuredmedia":[{"embeddable":true,"href":"https:\/\/agora.xtec.cat\/zer-pedrera\/wp-json\/wp\/v2\/media\/7473"}],"wp:attachment":[{"href":"https:\/\/agora.xtec.cat\/zer-pedrera\/wp-json\/wp\/v2\/media?parent=7472"}],"wp:term":[{"taxonomy":"category","embeddable":true,"href":"https:\/\/agora.xtec.cat\/zer-pedrera\/wp-json\/wp\/v2\/categories?post=7472"},{"taxonomy":"post_tag","embeddable":true,"href":"https:\/\/agora.xtec.cat\/zer-pedrera\/wp-json\/wp\/v2\/tags?post=7472"}],"curies":[{"name":"wp","href":"https:\/\/api.w.org\/{rel}","templated":true}]}}