{"id":7467,"date":"2023-12-05T21:20:27","date_gmt":"2023-12-05T20:20:27","guid":{"rendered":"https:\/\/agora.xtec.cat\/zer-pedrera\/?p=7467"},"modified":"2024-06-14T20:00:24","modified_gmt":"2024-06-14T18:00:24","slug":"ci-de-lescola-abat-ruera-el-cillindre","status":"publish","type":"post","link":"https:\/\/agora.xtec.cat\/zer-pedrera\/general\/ci-de-lescola-abat-ruera-el-cillindre\/","title":{"rendered":"CI de l&#8217;escola Abat Ruera. El cillindre"},"content":{"rendered":"<p>Des de la universitat demanen una s\u00e8rie de tasques a les nostres practicants, la Teo i l&#8217;Amabel. Aquests dies estan portant a terme una situaci\u00f3 d&#8217;aprenentatge relacionada amb la geometria, concretament amb el cilindre. La sessi\u00f3 de la setmana passada l&#8217;alumnat de CI van aprendre a fer aquesta forma geom\u00e8trica d&#8217;una manera f\u00e0cil i molt r\u00e0pida. Voleu saber com? Doncs, cliqueu damunt de la imatge i veure el v\u00eddeo.<\/p>\n<p style=\"text-align: center;\"><a href=\"https:\/\/photos.app.goo.gl\/YzVP4dS6vRXxEipE6\" target=\"_blank\" rel=\"noopener\"><img loading=\"lazy\" decoding=\"async\" class=\"alignnone size-large wp-image-7470\" src=\"https:\/\/agora.xtec.cat\/zer-pedrera\/wp-content\/uploads\/usu1473\/2023\/12\/IMG-20231201-WA0007-710x1024.jpeg\" alt=\"\" width=\"710\" height=\"1024\" srcset=\"https:\/\/agora.xtec.cat\/zer-pedrera\/wp-content\/uploads\/usu1473\/2023\/12\/IMG-20231201-WA0007-710x1024.jpeg 710w, https:\/\/agora.xtec.cat\/zer-pedrera\/wp-content\/uploads\/usu1473\/2023\/12\/IMG-20231201-WA0007-208x300.jpeg 208w, https:\/\/agora.xtec.cat\/zer-pedrera\/wp-content\/uploads\/usu1473\/2023\/12\/IMG-20231201-WA0007-768x1108.jpeg 768w, https:\/\/agora.xtec.cat\/zer-pedrera\/wp-content\/uploads\/usu1473\/2023\/12\/IMG-20231201-WA0007-1065x1536.jpeg 1065w, https:\/\/agora.xtec.cat\/zer-pedrera\/wp-content\/uploads\/usu1473\/2023\/12\/IMG-20231201-WA0007-1420x2048.jpeg 1420w, https:\/\/agora.xtec.cat\/zer-pedrera\/wp-content\/uploads\/usu1473\/2023\/12\/IMG-20231201-WA0007-scaled.jpeg 1775w\" sizes=\"auto, (max-width: 710px) 100vw, 710px\" \/><\/a><\/p>\n","protected":false},"excerpt":{"rendered":"<p>Des de la universitat demanen una s\u00e8rie de tasques a les nostres practicants, la Teo i l&#8217;Amabel. Aquests dies estan portant a terme una situaci\u00f3 d&#8217;aprenentatge relacionada amb la geometria, concretament amb el cilindre. La sessi\u00f3 de la setmana passada l&#8217;alumnat de CI van aprendre&hellip;  <a href=\"https:\/\/agora.xtec.cat\/zer-pedrera\/general\/ci-de-lescola-abat-ruera-el-cillindre\/\" title=\"Read CI de l&#8217;escola Abat Ruera. El cillindre\">Llegeix m\u00e9s\u00bb<\/a><\/p>\n","protected":false},"author":1,"featured_media":7470,"comment_status":"open","ping_status":"closed","sticky":false,"template":"","format":"standard","meta":{"_bbp_topic_count":0,"_bbp_reply_count":0,"_bbp_total_topic_count":0,"_bbp_total_reply_count":0,"_bbp_voice_count":0,"_bbp_anonymous_reply_count":0,"_bbp_topic_count_hidden":0,"_bbp_reply_count_hidden":0,"_bbp_forum_subforum_count":0,"footnotes":""},"categories":[110,1,126,29,89],"tags":[],"class_list":["post-7467","post","type-post","status-publish","format-standard","has-post-thumbnail","hentry","category-escola-abat-ruera","category-general","category-matematiques","category-portada","category-primaria"],"post_mailing_queue_ids":[],"_links":{"self":[{"href":"https:\/\/agora.xtec.cat\/zer-pedrera\/wp-json\/wp\/v2\/posts\/7467","targetHints":{"allow":["GET"]}}],"collection":[{"href":"https:\/\/agora.xtec.cat\/zer-pedrera\/wp-json\/wp\/v2\/posts"}],"about":[{"href":"https:\/\/agora.xtec.cat\/zer-pedrera\/wp-json\/wp\/v2\/types\/post"}],"author":[{"embeddable":true,"href":"https:\/\/agora.xtec.cat\/zer-pedrera\/wp-json\/wp\/v2\/users\/1"}],"replies":[{"embeddable":true,"href":"https:\/\/agora.xtec.cat\/zer-pedrera\/wp-json\/wp\/v2\/comments?post=7467"}],"version-history":[{"count":3,"href":"https:\/\/agora.xtec.cat\/zer-pedrera\/wp-json\/wp\/v2\/posts\/7467\/revisions"}],"predecessor-version":[{"id":7471,"href":"https:\/\/agora.xtec.cat\/zer-pedrera\/wp-json\/wp\/v2\/posts\/7467\/revisions\/7471"}],"wp:featuredmedia":[{"embeddable":true,"href":"https:\/\/agora.xtec.cat\/zer-pedrera\/wp-json\/wp\/v2\/media\/7470"}],"wp:attachment":[{"href":"https:\/\/agora.xtec.cat\/zer-pedrera\/wp-json\/wp\/v2\/media?parent=7467"}],"wp:term":[{"taxonomy":"category","embeddable":true,"href":"https:\/\/agora.xtec.cat\/zer-pedrera\/wp-json\/wp\/v2\/categories?post=7467"},{"taxonomy":"post_tag","embeddable":true,"href":"https:\/\/agora.xtec.cat\/zer-pedrera\/wp-json\/wp\/v2\/tags?post=7467"}],"curies":[{"name":"wp","href":"https:\/\/api.w.org\/{rel}","templated":true}]}}