{"id":7430,"date":"2023-11-24T14:54:33","date_gmt":"2023-11-24T13:54:33","guid":{"rendered":"https:\/\/agora.xtec.cat\/zer-pedrera\/?p=7430"},"modified":"2023-11-24T14:54:33","modified_gmt":"2023-11-24T13:54:33","slug":"ei-i-ci-de-lescola-abat-ruera-contes-diferents","status":"publish","type":"post","link":"https:\/\/agora.xtec.cat\/zer-pedrera\/general\/ei-i-ci-de-lescola-abat-ruera-contes-diferents\/","title":{"rendered":"EI i CI de l&#8217;escola Abat Ruera. Contes diferents"},"content":{"rendered":"<p>Quan pensen en contes ens imaginem llibres amb imatges molt boniques i textos f\u00e0cils de llegir. La nostra\u00a0<span class=\"hiddenSpellError\">TEI<\/span>\u00a0ens ha fet veure que el m\u00f3n dels contes \u00e9s molt m\u00e9s que tot aix\u00f2 i que existeixen moltes maneres d&#8217;explicar-los i fer arribar la seva m\u00e0gia als nostres alumnes.<br \/>\nSi cliqueu damunt de la imatge veure una altra manera de fer arribar una hist\u00f2ria al cor dels nostres infants.<\/p>\n<p style=\"text-align: center;\"><a href=\"https:\/\/photos.app.goo.gl\/i3SRwSdibjFkjqnw5\" target=\"_blank\" rel=\"noopener\"><img loading=\"lazy\" decoding=\"async\" class=\"alignnone size-full wp-image-7432\" src=\"https:\/\/agora.xtec.cat\/zer-pedrera\/wp-content\/uploads\/usu1473\/2023\/11\/1699599946174.jpg\" alt=\"\" width=\"500\" height=\"248\" srcset=\"https:\/\/agora.xtec.cat\/zer-pedrera\/wp-content\/uploads\/usu1473\/2023\/11\/1699599946174.jpg 500w, https:\/\/agora.xtec.cat\/zer-pedrera\/wp-content\/uploads\/usu1473\/2023\/11\/1699599946174-300x149.jpg 300w\" sizes=\"auto, (max-width: 500px) 100vw, 500px\" \/><\/a><\/p>\n<p>&nbsp;<\/p>\n","protected":false},"excerpt":{"rendered":"<p>Quan pensen en contes ens imaginem llibres amb imatges molt boniques i textos f\u00e0cils de llegir. La nostra\u00a0TEI\u00a0ens ha fet veure que el m\u00f3n dels contes \u00e9s molt m\u00e9s que tot aix\u00f2 i que existeixen moltes maneres d&#8217;explicar-los i fer arribar la seva m\u00e0gia als&hellip;  <a href=\"https:\/\/agora.xtec.cat\/zer-pedrera\/general\/ei-i-ci-de-lescola-abat-ruera-contes-diferents\/\" title=\"Read EI i CI de l&#8217;escola Abat Ruera. Contes diferents\">Llegeix m\u00e9s\u00bb<\/a><\/p>\n","protected":false},"author":1,"featured_media":7432,"comment_status":"open","ping_status":"closed","sticky":false,"template":"","format":"standard","meta":{"_bbp_topic_count":0,"_bbp_reply_count":0,"_bbp_total_topic_count":0,"_bbp_total_reply_count":0,"_bbp_voice_count":0,"_bbp_anonymous_reply_count":0,"_bbp_topic_count_hidden":0,"_bbp_reply_count_hidden":0,"_bbp_forum_subforum_count":0,"footnotes":""},"categories":[125,113,110,1,29,89,120],"tags":[],"class_list":["post-7430","post","type-post","status-publish","format-standard","has-post-thumbnail","hentry","category-catala","category-e-infantil","category-escola-abat-ruera","category-general","category-portada","category-primaria","category-projectes"],"post_mailing_queue_ids":[],"_links":{"self":[{"href":"https:\/\/agora.xtec.cat\/zer-pedrera\/wp-json\/wp\/v2\/posts\/7430","targetHints":{"allow":["GET"]}}],"collection":[{"href":"https:\/\/agora.xtec.cat\/zer-pedrera\/wp-json\/wp\/v2\/posts"}],"about":[{"href":"https:\/\/agora.xtec.cat\/zer-pedrera\/wp-json\/wp\/v2\/types\/post"}],"author":[{"embeddable":true,"href":"https:\/\/agora.xtec.cat\/zer-pedrera\/wp-json\/wp\/v2\/users\/1"}],"replies":[{"embeddable":true,"href":"https:\/\/agora.xtec.cat\/zer-pedrera\/wp-json\/wp\/v2\/comments?post=7430"}],"version-history":[{"count":2,"href":"https:\/\/agora.xtec.cat\/zer-pedrera\/wp-json\/wp\/v2\/posts\/7430\/revisions"}],"predecessor-version":[{"id":7433,"href":"https:\/\/agora.xtec.cat\/zer-pedrera\/wp-json\/wp\/v2\/posts\/7430\/revisions\/7433"}],"wp:featuredmedia":[{"embeddable":true,"href":"https:\/\/agora.xtec.cat\/zer-pedrera\/wp-json\/wp\/v2\/media\/7432"}],"wp:attachment":[{"href":"https:\/\/agora.xtec.cat\/zer-pedrera\/wp-json\/wp\/v2\/media?parent=7430"}],"wp:term":[{"taxonomy":"category","embeddable":true,"href":"https:\/\/agora.xtec.cat\/zer-pedrera\/wp-json\/wp\/v2\/categories?post=7430"},{"taxonomy":"post_tag","embeddable":true,"href":"https:\/\/agora.xtec.cat\/zer-pedrera\/wp-json\/wp\/v2\/tags?post=7430"}],"curies":[{"name":"wp","href":"https:\/\/api.w.org\/{rel}","templated":true}]}}