{"id":7421,"date":"2023-11-19T20:15:56","date_gmt":"2023-11-19T19:15:56","guid":{"rendered":"https:\/\/agora.xtec.cat\/zer-pedrera\/?p=7421"},"modified":"2023-11-19T20:15:56","modified_gmt":"2023-11-19T19:15:56","slug":"ei-de-lescola-abat-ruera-treball-diari","status":"publish","type":"post","link":"https:\/\/agora.xtec.cat\/zer-pedrera\/general\/ei-de-lescola-abat-ruera-treball-diari\/","title":{"rendered":"EI de l&#8217;escola Abat Ruera. Treball diari"},"content":{"rendered":"<p>D&#8217;en\u00e7\u00e0 que\u00a0comen\u00e7a l&#8217;horari escolar a les 09.00 h del mat\u00ed fins que finalitza a les 17.00 h, l&#8217;alumnat realitza un munt d&#8217;activitats. A l&#8217;etapa d&#8217;Educaci\u00f3 Infantil la majoria d&#8217;aquestes activitats s\u00f3n m\u00e9s manipulatives i vivencials, encara que tamb\u00e9 hi ha moments per aquelles tasques m\u00e9s mec\u00e0niques. Aqu\u00ed adjuntem una fotografia on es pot apreciar alguns alumnes d&#8217;aquesta etapa educativa fent treball de quadernet.<\/p>\n<p style=\"text-align: center;\"><a href=\"https:\/\/agora.xtec.cat\/zer-pedrera\/wp-content\/uploads\/usu1473\/2023\/11\/1696937671294.jpg\"><img loading=\"lazy\" decoding=\"async\" class=\"alignnone size-full wp-image-7422\" src=\"https:\/\/agora.xtec.cat\/zer-pedrera\/wp-content\/uploads\/usu1473\/2023\/11\/1696937671294.jpg\" alt=\"\" width=\"500\" height=\"375\" srcset=\"https:\/\/agora.xtec.cat\/zer-pedrera\/wp-content\/uploads\/usu1473\/2023\/11\/1696937671294.jpg 500w, https:\/\/agora.xtec.cat\/zer-pedrera\/wp-content\/uploads\/usu1473\/2023\/11\/1696937671294-300x225.jpg 300w, https:\/\/agora.xtec.cat\/zer-pedrera\/wp-content\/uploads\/usu1473\/2023\/11\/1696937671294-200x150.jpg 200w\" sizes=\"auto, (max-width: 500px) 100vw, 500px\" \/><\/a><\/p>\n","protected":false},"excerpt":{"rendered":"<p>D&#8217;en\u00e7\u00e0 que\u00a0comen\u00e7a l&#8217;horari escolar a les 09.00 h del mat\u00ed fins que finalitza a les 17.00 h, l&#8217;alumnat realitza un munt d&#8217;activitats. A l&#8217;etapa d&#8217;Educaci\u00f3 Infantil la majoria d&#8217;aquestes activitats s\u00f3n m\u00e9s manipulatives i vivencials, encara que tamb\u00e9 hi ha moments per aquelles tasques m\u00e9s&hellip;  <a href=\"https:\/\/agora.xtec.cat\/zer-pedrera\/general\/ei-de-lescola-abat-ruera-treball-diari\/\" title=\"Read EI de l&#8217;escola Abat Ruera. Treball diari\">Llegeix m\u00e9s\u00bb<\/a><\/p>\n","protected":false},"author":1,"featured_media":7422,"comment_status":"open","ping_status":"closed","sticky":false,"template":"","format":"standard","meta":{"_bbp_topic_count":0,"_bbp_reply_count":0,"_bbp_total_topic_count":0,"_bbp_total_reply_count":0,"_bbp_voice_count":0,"_bbp_anonymous_reply_count":0,"_bbp_topic_count_hidden":0,"_bbp_reply_count_hidden":0,"_bbp_forum_subforum_count":0,"footnotes":""},"categories":[113,110,1,115,29],"tags":[],"class_list":["post-7421","post","type-post","status-publish","format-standard","has-post-thumbnail","hentry","category-e-infantil","category-escola-abat-ruera","category-general","category-materies","category-portada"],"post_mailing_queue_ids":[],"_links":{"self":[{"href":"https:\/\/agora.xtec.cat\/zer-pedrera\/wp-json\/wp\/v2\/posts\/7421","targetHints":{"allow":["GET"]}}],"collection":[{"href":"https:\/\/agora.xtec.cat\/zer-pedrera\/wp-json\/wp\/v2\/posts"}],"about":[{"href":"https:\/\/agora.xtec.cat\/zer-pedrera\/wp-json\/wp\/v2\/types\/post"}],"author":[{"embeddable":true,"href":"https:\/\/agora.xtec.cat\/zer-pedrera\/wp-json\/wp\/v2\/users\/1"}],"replies":[{"embeddable":true,"href":"https:\/\/agora.xtec.cat\/zer-pedrera\/wp-json\/wp\/v2\/comments?post=7421"}],"version-history":[{"count":1,"href":"https:\/\/agora.xtec.cat\/zer-pedrera\/wp-json\/wp\/v2\/posts\/7421\/revisions"}],"predecessor-version":[{"id":7423,"href":"https:\/\/agora.xtec.cat\/zer-pedrera\/wp-json\/wp\/v2\/posts\/7421\/revisions\/7423"}],"wp:featuredmedia":[{"embeddable":true,"href":"https:\/\/agora.xtec.cat\/zer-pedrera\/wp-json\/wp\/v2\/media\/7422"}],"wp:attachment":[{"href":"https:\/\/agora.xtec.cat\/zer-pedrera\/wp-json\/wp\/v2\/media?parent=7421"}],"wp:term":[{"taxonomy":"category","embeddable":true,"href":"https:\/\/agora.xtec.cat\/zer-pedrera\/wp-json\/wp\/v2\/categories?post=7421"},{"taxonomy":"post_tag","embeddable":true,"href":"https:\/\/agora.xtec.cat\/zer-pedrera\/wp-json\/wp\/v2\/tags?post=7421"}],"curies":[{"name":"wp","href":"https:\/\/api.w.org\/{rel}","templated":true}]}}