{"id":7418,"date":"2023-11-24T14:53:10","date_gmt":"2023-11-24T13:53:10","guid":{"rendered":"https:\/\/agora.xtec.cat\/zer-pedrera\/?p=7418"},"modified":"2023-11-24T14:53:10","modified_gmt":"2023-11-24T13:53:10","slug":"escola-abat-ruera-preparem-el-decorat-de-lobra-de-teatre","status":"publish","type":"post","link":"https:\/\/agora.xtec.cat\/zer-pedrera\/general\/escola-abat-ruera-preparem-el-decorat-de-lobra-de-teatre\/","title":{"rendered":"Escola Abat Ruera. Preparem el decorat de l&#8217;obra de teatre"},"content":{"rendered":"<p>L&#8217;alumnat d&#8217;Educaci\u00f3 Infantil i de Cicle Inicial estan preparant una petita obra de teatre per tot l&#8217;alumnat de l&#8217;escola. Despr\u00e9s de fer la repartici\u00f3 dels personatges i decidir l&#8217;estructura de la hist\u00f2ria toca fer el decorat de la nostra obra. S\u00f3n tots uns grans artistes!!!<\/p>\n<p style=\"text-align: center;\"><a href=\"https:\/\/agora.xtec.cat\/zer-pedrera\/wp-content\/uploads\/usu1473\/2023\/11\/1699599946133-scaled.jpeg\"><img loading=\"lazy\" decoding=\"async\" class=\"alignnone size-large wp-image-7419\" src=\"https:\/\/agora.xtec.cat\/zer-pedrera\/wp-content\/uploads\/usu1473\/2023\/11\/1699599946133-1024x576.jpeg\" alt=\"\" width=\"1024\" height=\"576\" srcset=\"https:\/\/agora.xtec.cat\/zer-pedrera\/wp-content\/uploads\/usu1473\/2023\/11\/1699599946133-1024x576.jpeg 1024w, https:\/\/agora.xtec.cat\/zer-pedrera\/wp-content\/uploads\/usu1473\/2023\/11\/1699599946133-300x169.jpeg 300w, https:\/\/agora.xtec.cat\/zer-pedrera\/wp-content\/uploads\/usu1473\/2023\/11\/1699599946133-768x432.jpeg 768w, https:\/\/agora.xtec.cat\/zer-pedrera\/wp-content\/uploads\/usu1473\/2023\/11\/1699599946133-1536x864.jpeg 1536w, https:\/\/agora.xtec.cat\/zer-pedrera\/wp-content\/uploads\/usu1473\/2023\/11\/1699599946133-2048x1152.jpeg 2048w\" sizes=\"auto, (max-width: 1024px) 100vw, 1024px\" \/><\/a><\/p>\n","protected":false},"excerpt":{"rendered":"<p>L&#8217;alumnat d&#8217;Educaci\u00f3 Infantil i de Cicle Inicial estan preparant una petita obra de teatre per tot l&#8217;alumnat de l&#8217;escola. Despr\u00e9s de fer la repartici\u00f3 dels personatges i decidir l&#8217;estructura de la hist\u00f2ria toca fer el decorat de la nostra obra. S\u00f3n tots uns grans artistes!!!<br \/>\n<a&hellip;  <a href=\"https:\/\/agora.xtec.cat\/zer-pedrera\/general\/escola-abat-ruera-preparem-el-decorat-de-lobra-de-teatre\/\" title=\"Read Escola Abat Ruera. Preparem el decorat de l&#8217;obra de teatre\">Llegeix m\u00e9s\u00bb<\/a><\/p>\n","protected":false},"author":1,"featured_media":7419,"comment_status":"open","ping_status":"closed","sticky":false,"template":"","format":"standard","meta":{"_bbp_topic_count":0,"_bbp_reply_count":0,"_bbp_total_topic_count":0,"_bbp_total_reply_count":0,"_bbp_voice_count":0,"_bbp_anonymous_reply_count":0,"_bbp_topic_count_hidden":0,"_bbp_reply_count_hidden":0,"_bbp_forum_subforum_count":0,"footnotes":""},"categories":[125,113,110,1,119,29,89,120],"tags":[],"class_list":["post-7418","post","type-post","status-publish","format-standard","has-post-thumbnail","hentry","category-catala","category-e-infantil","category-escola-abat-ruera","category-general","category-plastica","category-portada","category-primaria","category-projectes"],"post_mailing_queue_ids":[],"_links":{"self":[{"href":"https:\/\/agora.xtec.cat\/zer-pedrera\/wp-json\/wp\/v2\/posts\/7418","targetHints":{"allow":["GET"]}}],"collection":[{"href":"https:\/\/agora.xtec.cat\/zer-pedrera\/wp-json\/wp\/v2\/posts"}],"about":[{"href":"https:\/\/agora.xtec.cat\/zer-pedrera\/wp-json\/wp\/v2\/types\/post"}],"author":[{"embeddable":true,"href":"https:\/\/agora.xtec.cat\/zer-pedrera\/wp-json\/wp\/v2\/users\/1"}],"replies":[{"embeddable":true,"href":"https:\/\/agora.xtec.cat\/zer-pedrera\/wp-json\/wp\/v2\/comments?post=7418"}],"version-history":[{"count":1,"href":"https:\/\/agora.xtec.cat\/zer-pedrera\/wp-json\/wp\/v2\/posts\/7418\/revisions"}],"predecessor-version":[{"id":7420,"href":"https:\/\/agora.xtec.cat\/zer-pedrera\/wp-json\/wp\/v2\/posts\/7418\/revisions\/7420"}],"wp:featuredmedia":[{"embeddable":true,"href":"https:\/\/agora.xtec.cat\/zer-pedrera\/wp-json\/wp\/v2\/media\/7419"}],"wp:attachment":[{"href":"https:\/\/agora.xtec.cat\/zer-pedrera\/wp-json\/wp\/v2\/media?parent=7418"}],"wp:term":[{"taxonomy":"category","embeddable":true,"href":"https:\/\/agora.xtec.cat\/zer-pedrera\/wp-json\/wp\/v2\/categories?post=7418"},{"taxonomy":"post_tag","embeddable":true,"href":"https:\/\/agora.xtec.cat\/zer-pedrera\/wp-json\/wp\/v2\/tags?post=7418"}],"curies":[{"name":"wp","href":"https:\/\/api.w.org\/{rel}","templated":true}]}}