{"id":7414,"date":"2023-11-19T20:15:07","date_gmt":"2023-11-19T19:15:07","guid":{"rendered":"https:\/\/agora.xtec.cat\/zer-pedrera\/?p=7414"},"modified":"2023-11-19T20:15:07","modified_gmt":"2023-11-19T19:15:07","slug":"escola-abat-ruera-xerrada-sobre-el-respecte","status":"publish","type":"post","link":"https:\/\/agora.xtec.cat\/zer-pedrera\/general\/escola-abat-ruera-xerrada-sobre-el-respecte\/","title":{"rendered":"Escola Abat Ruera. Xerrada sobre el respecte"},"content":{"rendered":"<p>El dia 10 de novembre l&#8217;alumnat de 1r, 2n, 3r i 4t han gaudit d&#8217;un taller sobre el respecte a c\u00e0rrec dels Mossos d&#8217;Esquadra. Aquesta xerrada ha fomentat un ambient de debat i reflexi\u00f3 en relaci\u00f3 a la toler\u00e0ncia i el respecte entre les persones per tal de prevenir conductes relacionades amb l&#8217;assetjament. L&#8217;alumnat ha apr\u00e8s la import\u00e0ncia del respecte en les relacions socials.<br \/>\nPer veure m\u00e9s fotografies clicar damunt de la imatge.<\/p>\n<p style=\"text-align: center;\"><a href=\"https:\/\/agora.xtec.cat\/zer-pedrera\/wp-content\/uploads\/usu1473\/2023\/11\/1699809922354.jpg\"><img loading=\"lazy\" decoding=\"async\" class=\"alignnone size-full wp-image-7415\" src=\"https:\/\/agora.xtec.cat\/zer-pedrera\/wp-content\/uploads\/usu1473\/2023\/11\/1699809922354.jpg\" alt=\"\" width=\"500\" height=\"243\" srcset=\"https:\/\/agora.xtec.cat\/zer-pedrera\/wp-content\/uploads\/usu1473\/2023\/11\/1699809922354.jpg 500w, https:\/\/agora.xtec.cat\/zer-pedrera\/wp-content\/uploads\/usu1473\/2023\/11\/1699809922354-300x146.jpg 300w\" sizes=\"auto, (max-width: 500px) 100vw, 500px\" \/><\/a><\/p>\n<p>&nbsp;<\/p>\n","protected":false},"excerpt":{"rendered":"<p>El dia 10 de novembre l&#8217;alumnat de 1r, 2n, 3r i 4t han gaudit d&#8217;un taller sobre el respecte a c\u00e0rrec dels Mossos d&#8217;Esquadra. Aquesta xerrada ha fomentat un ambient de debat i reflexi\u00f3 en relaci\u00f3 a la toler\u00e0ncia i el respecte entre les persones&hellip;  <a href=\"https:\/\/agora.xtec.cat\/zer-pedrera\/general\/escola-abat-ruera-xerrada-sobre-el-respecte\/\" title=\"Read Escola Abat Ruera. Xerrada sobre el respecte\">Llegeix m\u00e9s\u00bb<\/a><\/p>\n","protected":false},"author":1,"featured_media":7415,"comment_status":"open","ping_status":"closed","sticky":false,"template":"","format":"standard","meta":{"_bbp_topic_count":0,"_bbp_reply_count":0,"_bbp_total_topic_count":0,"_bbp_total_reply_count":0,"_bbp_voice_count":0,"_bbp_anonymous_reply_count":0,"_bbp_topic_count_hidden":0,"_bbp_reply_count_hidden":0,"_bbp_forum_subforum_count":0,"footnotes":""},"categories":[110,1,29,89,122],"tags":[],"class_list":["post-7414","post","type-post","status-publish","format-standard","has-post-thumbnail","hentry","category-escola-abat-ruera","category-general","category-portada","category-primaria","category-valors"],"post_mailing_queue_ids":[],"_links":{"self":[{"href":"https:\/\/agora.xtec.cat\/zer-pedrera\/wp-json\/wp\/v2\/posts\/7414","targetHints":{"allow":["GET"]}}],"collection":[{"href":"https:\/\/agora.xtec.cat\/zer-pedrera\/wp-json\/wp\/v2\/posts"}],"about":[{"href":"https:\/\/agora.xtec.cat\/zer-pedrera\/wp-json\/wp\/v2\/types\/post"}],"author":[{"embeddable":true,"href":"https:\/\/agora.xtec.cat\/zer-pedrera\/wp-json\/wp\/v2\/users\/1"}],"replies":[{"embeddable":true,"href":"https:\/\/agora.xtec.cat\/zer-pedrera\/wp-json\/wp\/v2\/comments?post=7414"}],"version-history":[{"count":2,"href":"https:\/\/agora.xtec.cat\/zer-pedrera\/wp-json\/wp\/v2\/posts\/7414\/revisions"}],"predecessor-version":[{"id":7417,"href":"https:\/\/agora.xtec.cat\/zer-pedrera\/wp-json\/wp\/v2\/posts\/7414\/revisions\/7417"}],"wp:featuredmedia":[{"embeddable":true,"href":"https:\/\/agora.xtec.cat\/zer-pedrera\/wp-json\/wp\/v2\/media\/7415"}],"wp:attachment":[{"href":"https:\/\/agora.xtec.cat\/zer-pedrera\/wp-json\/wp\/v2\/media?parent=7414"}],"wp:term":[{"taxonomy":"category","embeddable":true,"href":"https:\/\/agora.xtec.cat\/zer-pedrera\/wp-json\/wp\/v2\/categories?post=7414"},{"taxonomy":"post_tag","embeddable":true,"href":"https:\/\/agora.xtec.cat\/zer-pedrera\/wp-json\/wp\/v2\/tags?post=7414"}],"curies":[{"name":"wp","href":"https:\/\/api.w.org\/{rel}","templated":true}]}}