{"id":7391,"date":"2023-11-20T13:53:00","date_gmt":"2023-11-20T12:53:00","guid":{"rendered":"https:\/\/agora.xtec.cat\/zer-pedrera\/?p=7391"},"modified":"2023-11-20T13:53:00","modified_gmt":"2023-11-20T12:53:00","slug":"activitats-de-castanyada-escola-porcel-de-cervera","status":"publish","type":"post","link":"https:\/\/agora.xtec.cat\/zer-pedrera\/general\/activitats-de-castanyada-escola-porcel-de-cervera\/","title":{"rendered":"Activitats de Castanyada &#8211; Escola Porcel de Cervera"},"content":{"rendered":"<p>Durant el Dilluns 30 de Novembre, a l&#8217;escola vam dur a terme un seguit d&#8217;activitats relacionades amb la Castanyada i la tardor. Vam comen\u00e7ar fent uns bon\u00edssims panellets entre tots i totes que a la tarda ens emportar\u00edem.\u00a0 Durant el mat\u00ed tamb\u00e9 vam tenir la visita del bibliob\u00fas.<\/p>\n<p>A la tarda vam participar en diferents activitats: La creaci\u00f3 de la pr\u00f2pia paperina per emportar-nos els panellets, una coreografia i diversos jocs d&#8217;Educaci\u00f3 F\u00edsica per\u00f2 jugant amb CASTANYES! Ens ho vam passar genial! Cliqueu a la foto per veure m\u00e9s imatges.<\/p>\n<p><a href=\"https:\/\/photos.app.goo.gl\/Codt7Mb65rJWFxsR6\"><img loading=\"lazy\" decoding=\"async\" class=\"wp-image-7392 aligncenter\" src=\"https:\/\/agora.xtec.cat\/zer-pedrera\/wp-content\/uploads\/usu1473\/2023\/11\/fotoefectos.com_-11.jpg\" alt=\"\" width=\"193\" height=\"145\" srcset=\"https:\/\/agora.xtec.cat\/zer-pedrera\/wp-content\/uploads\/usu1473\/2023\/11\/fotoefectos.com_-11.jpg 1024w, https:\/\/agora.xtec.cat\/zer-pedrera\/wp-content\/uploads\/usu1473\/2023\/11\/fotoefectos.com_-11-300x225.jpg 300w, https:\/\/agora.xtec.cat\/zer-pedrera\/wp-content\/uploads\/usu1473\/2023\/11\/fotoefectos.com_-11-768x576.jpg 768w, https:\/\/agora.xtec.cat\/zer-pedrera\/wp-content\/uploads\/usu1473\/2023\/11\/fotoefectos.com_-11-200x150.jpg 200w\" sizes=\"auto, (max-width: 193px) 100vw, 193px\" \/><\/a><\/p>\n<p>&nbsp;<\/p>\n","protected":false},"excerpt":{"rendered":"<p>Durant el Dilluns 30 de Novembre, a l&#8217;escola vam dur a terme un seguit d&#8217;activitats relacionades amb la Castanyada i la tardor. Vam comen\u00e7ar fent uns bon\u00edssims panellets entre tots i totes que a la tarda ens emportar\u00edem.\u00a0 Durant el mat\u00ed tamb\u00e9 vam tenir la&hellip;  <a href=\"https:\/\/agora.xtec.cat\/zer-pedrera\/general\/activitats-de-castanyada-escola-porcel-de-cervera\/\" title=\"Read Activitats de Castanyada &#8211; Escola Porcel de Cervera\">Llegeix m\u00e9s\u00bb<\/a><\/p>\n","protected":false},"author":1,"featured_media":7392,"comment_status":"open","ping_status":"closed","sticky":false,"template":"","format":"standard","meta":{"_bbp_topic_count":0,"_bbp_reply_count":0,"_bbp_total_topic_count":0,"_bbp_total_reply_count":0,"_bbp_voice_count":0,"_bbp_anonymous_reply_count":0,"_bbp_topic_count_hidden":0,"_bbp_reply_count_hidden":0,"_bbp_forum_subforum_count":0,"footnotes":""},"categories":[111,1,29,89],"tags":[],"class_list":["post-7391","post","type-post","status-publish","format-standard","has-post-thumbnail","hentry","category-escola-porcel-de-cervera","category-general","category-portada","category-primaria"],"post_mailing_queue_ids":[],"_links":{"self":[{"href":"https:\/\/agora.xtec.cat\/zer-pedrera\/wp-json\/wp\/v2\/posts\/7391","targetHints":{"allow":["GET"]}}],"collection":[{"href":"https:\/\/agora.xtec.cat\/zer-pedrera\/wp-json\/wp\/v2\/posts"}],"about":[{"href":"https:\/\/agora.xtec.cat\/zer-pedrera\/wp-json\/wp\/v2\/types\/post"}],"author":[{"embeddable":true,"href":"https:\/\/agora.xtec.cat\/zer-pedrera\/wp-json\/wp\/v2\/users\/1"}],"replies":[{"embeddable":true,"href":"https:\/\/agora.xtec.cat\/zer-pedrera\/wp-json\/wp\/v2\/comments?post=7391"}],"version-history":[{"count":3,"href":"https:\/\/agora.xtec.cat\/zer-pedrera\/wp-json\/wp\/v2\/posts\/7391\/revisions"}],"predecessor-version":[{"id":7443,"href":"https:\/\/agora.xtec.cat\/zer-pedrera\/wp-json\/wp\/v2\/posts\/7391\/revisions\/7443"}],"wp:featuredmedia":[{"embeddable":true,"href":"https:\/\/agora.xtec.cat\/zer-pedrera\/wp-json\/wp\/v2\/media\/7392"}],"wp:attachment":[{"href":"https:\/\/agora.xtec.cat\/zer-pedrera\/wp-json\/wp\/v2\/media?parent=7391"}],"wp:term":[{"taxonomy":"category","embeddable":true,"href":"https:\/\/agora.xtec.cat\/zer-pedrera\/wp-json\/wp\/v2\/categories?post=7391"},{"taxonomy":"post_tag","embeddable":true,"href":"https:\/\/agora.xtec.cat\/zer-pedrera\/wp-json\/wp\/v2\/tags?post=7391"}],"curies":[{"name":"wp","href":"https:\/\/api.w.org\/{rel}","templated":true}]}}