{"id":7388,"date":"2023-11-11T11:49:14","date_gmt":"2023-11-11T10:49:14","guid":{"rendered":"https:\/\/agora.xtec.cat\/zer-pedrera\/?p=7388"},"modified":"2023-11-13T13:37:04","modified_gmt":"2023-11-13T12:37:04","slug":"visitem-un-hivernacle-escola-porcel-de-cervera","status":"publish","type":"post","link":"https:\/\/agora.xtec.cat\/zer-pedrera\/general\/visitem-un-hivernacle-escola-porcel-de-cervera\/","title":{"rendered":"Visitem un hivernacle. Escola Porcel de Cervera"},"content":{"rendered":"<p>Abans de comen\u00e7ar a preparar el nostre hort escolar d&#8217;hivern, l&#8217;alumnat d&#8217;infantil i CI hem anat a visitar l\u2019hivernacle de la fam\u00edlia de l\u2019\u00c0lex. Ens han ensenyat com s\u00f3n els hivernacles, com es disposen les plantes, com ho fan per plantar-les i com les distribueixen. Despr\u00e9s ens ha donat esqueixos i planter de diferents verdures per poder plantar a l&#8217;hort de l&#8217;escola i aix\u00ed cuidar-les entre tots i veure com creixen fins que ens les puguem menjar.<\/p>\n<p>Moltes gr\u00e0cies fam\u00edlia per la vostra col\u00b7laboraci\u00f3!<\/p>\n<p><a href=\"https:\/\/photos.app.goo.gl\/guFmvLUnEXMe9QnT6\">FOTOS<\/a>.<\/p>\n","protected":false},"excerpt":{"rendered":"<p>Abans de comen\u00e7ar a preparar el nostre hort escolar d&#8217;hivern, l&#8217;alumnat d&#8217;infantil i CI hem anat a visitar l\u2019hivernacle de la fam\u00edlia de l\u2019\u00c0lex. Ens han ensenyat com s\u00f3n els hivernacles, com es disposen les plantes, com ho fan per plantar-les i com les distribueixen.&hellip;  <a href=\"https:\/\/agora.xtec.cat\/zer-pedrera\/general\/visitem-un-hivernacle-escola-porcel-de-cervera\/\" title=\"Read Visitem un hivernacle. Escola Porcel de Cervera\">Llegeix m\u00e9s\u00bb<\/a><\/p>\n","protected":false},"author":1,"featured_media":7409,"comment_status":"open","ping_status":"closed","sticky":false,"template":"","format":"standard","meta":{"_bbp_topic_count":0,"_bbp_reply_count":0,"_bbp_total_topic_count":0,"_bbp_total_reply_count":0,"_bbp_voice_count":0,"_bbp_anonymous_reply_count":0,"_bbp_topic_count_hidden":0,"_bbp_reply_count_hidden":0,"_bbp_forum_subforum_count":0,"footnotes":""},"categories":[113,111,1,114,29,89],"tags":[],"class_list":["post-7388","post","type-post","status-publish","format-standard","has-post-thumbnail","hentry","category-e-infantil","category-escola-porcel-de-cervera","category-general","category-hort","category-portada","category-primaria"],"post_mailing_queue_ids":[],"_links":{"self":[{"href":"https:\/\/agora.xtec.cat\/zer-pedrera\/wp-json\/wp\/v2\/posts\/7388","targetHints":{"allow":["GET"]}}],"collection":[{"href":"https:\/\/agora.xtec.cat\/zer-pedrera\/wp-json\/wp\/v2\/posts"}],"about":[{"href":"https:\/\/agora.xtec.cat\/zer-pedrera\/wp-json\/wp\/v2\/types\/post"}],"author":[{"embeddable":true,"href":"https:\/\/agora.xtec.cat\/zer-pedrera\/wp-json\/wp\/v2\/users\/1"}],"replies":[{"embeddable":true,"href":"https:\/\/agora.xtec.cat\/zer-pedrera\/wp-json\/wp\/v2\/comments?post=7388"}],"version-history":[{"count":5,"href":"https:\/\/agora.xtec.cat\/zer-pedrera\/wp-json\/wp\/v2\/posts\/7388\/revisions"}],"predecessor-version":[{"id":7425,"href":"https:\/\/agora.xtec.cat\/zer-pedrera\/wp-json\/wp\/v2\/posts\/7388\/revisions\/7425"}],"wp:featuredmedia":[{"embeddable":true,"href":"https:\/\/agora.xtec.cat\/zer-pedrera\/wp-json\/wp\/v2\/media\/7409"}],"wp:attachment":[{"href":"https:\/\/agora.xtec.cat\/zer-pedrera\/wp-json\/wp\/v2\/media?parent=7388"}],"wp:term":[{"taxonomy":"category","embeddable":true,"href":"https:\/\/agora.xtec.cat\/zer-pedrera\/wp-json\/wp\/v2\/categories?post=7388"},{"taxonomy":"post_tag","embeddable":true,"href":"https:\/\/agora.xtec.cat\/zer-pedrera\/wp-json\/wp\/v2\/tags?post=7388"}],"curies":[{"name":"wp","href":"https:\/\/api.w.org\/{rel}","templated":true}]}}