{"id":7357,"date":"2023-11-10T11:35:09","date_gmt":"2023-11-10T10:35:09","guid":{"rendered":"https:\/\/agora.xtec.cat\/zer-pedrera\/?p=7357"},"modified":"2023-11-10T11:35:09","modified_gmt":"2023-11-10T10:35:09","slug":"cs-de-lescola-abat-ruera-xerrada-dassetjament-entre-iguals-dels-mossos","status":"publish","type":"post","link":"https:\/\/agora.xtec.cat\/zer-pedrera\/general\/cs-de-lescola-abat-ruera-xerrada-dassetjament-entre-iguals-dels-mossos\/","title":{"rendered":"CS de l&#8217;escola Abat Ruera. Xerrada d&#8217;assetjament entre iguals dels Mossos"},"content":{"rendered":"<p>El dia 3 de novembre els mossos d&#8217;Esquadra van venir a l&#8217;escola per fer una xerrada sobre l&#8217;assetjament entre iguals a l&#8217;alumnat de CS. Des de fa uns quants anys la policia de la Generalitat treballa amb el conjunt de la comunitat educativa de Catalunya per donar resposta a les necessitats de seguretat actuals i futures. Per mitj\u00e0 del\u00a0<strong>Programa operatiu espec\u00edfic (POE) dels Centres Educatius<\/strong> es vol garantir la seguretat del conjunt de la comunitat prevenint, identificant i reduint els fets delictius, aix\u00ed com millorar la percepci\u00f3 de seguretat, per tal de contribuir de forma positiva en el cicle vital de la formaci\u00f3 dels infants i els joves.<\/p>\n<p>Per veure m\u00e9s fotografies clicar damunt de la imatge.<\/p>\n<p><a href=\"https:\/\/photos.app.goo.gl\/RVzBoqgE689Q22gP9\" target=\"_blank\" rel=\"noopener\"><br \/>\n<img loading=\"lazy\" decoding=\"async\" class=\"size-full wp-image-7363 aligncenter\" src=\"https:\/\/agora.xtec.cat\/zer-pedrera\/wp-content\/uploads\/usu1473\/2023\/11\/1699217289752.jpg\" alt=\"\" width=\"500\" height=\"243\" srcset=\"https:\/\/agora.xtec.cat\/zer-pedrera\/wp-content\/uploads\/usu1473\/2023\/11\/1699217289752.jpg 500w, https:\/\/agora.xtec.cat\/zer-pedrera\/wp-content\/uploads\/usu1473\/2023\/11\/1699217289752-300x146.jpg 300w\" sizes=\"auto, (max-width: 500px) 100vw, 500px\" \/><\/a><\/p>\n<p>&nbsp;<\/p>\n","protected":false},"excerpt":{"rendered":"<p>El dia 3 de novembre els mossos d&#8217;Esquadra van venir a l&#8217;escola per fer una xerrada sobre l&#8217;assetjament entre iguals a l&#8217;alumnat de CS. Des de fa uns quants anys la policia de la Generalitat treballa amb el conjunt de la comunitat educativa de Catalunya&hellip;  <a href=\"https:\/\/agora.xtec.cat\/zer-pedrera\/general\/cs-de-lescola-abat-ruera-xerrada-dassetjament-entre-iguals-dels-mossos\/\" title=\"Read CS de l&#8217;escola Abat Ruera. Xerrada d&#8217;assetjament entre iguals dels Mossos\">Llegeix m\u00e9s\u00bb<\/a><\/p>\n","protected":false},"author":1,"featured_media":7363,"comment_status":"open","ping_status":"closed","sticky":false,"template":"","format":"standard","meta":{"_bbp_topic_count":0,"_bbp_reply_count":0,"_bbp_total_topic_count":0,"_bbp_total_reply_count":0,"_bbp_voice_count":0,"_bbp_anonymous_reply_count":0,"_bbp_topic_count_hidden":0,"_bbp_reply_count_hidden":0,"_bbp_forum_subforum_count":0,"footnotes":""},"categories":[110,1,29,89],"tags":[],"class_list":["post-7357","post","type-post","status-publish","format-standard","has-post-thumbnail","hentry","category-escola-abat-ruera","category-general","category-portada","category-primaria"],"post_mailing_queue_ids":[],"_links":{"self":[{"href":"https:\/\/agora.xtec.cat\/zer-pedrera\/wp-json\/wp\/v2\/posts\/7357","targetHints":{"allow":["GET"]}}],"collection":[{"href":"https:\/\/agora.xtec.cat\/zer-pedrera\/wp-json\/wp\/v2\/posts"}],"about":[{"href":"https:\/\/agora.xtec.cat\/zer-pedrera\/wp-json\/wp\/v2\/types\/post"}],"author":[{"embeddable":true,"href":"https:\/\/agora.xtec.cat\/zer-pedrera\/wp-json\/wp\/v2\/users\/1"}],"replies":[{"embeddable":true,"href":"https:\/\/agora.xtec.cat\/zer-pedrera\/wp-json\/wp\/v2\/comments?post=7357"}],"version-history":[{"count":5,"href":"https:\/\/agora.xtec.cat\/zer-pedrera\/wp-json\/wp\/v2\/posts\/7357\/revisions"}],"predecessor-version":[{"id":7365,"href":"https:\/\/agora.xtec.cat\/zer-pedrera\/wp-json\/wp\/v2\/posts\/7357\/revisions\/7365"}],"wp:featuredmedia":[{"embeddable":true,"href":"https:\/\/agora.xtec.cat\/zer-pedrera\/wp-json\/wp\/v2\/media\/7363"}],"wp:attachment":[{"href":"https:\/\/agora.xtec.cat\/zer-pedrera\/wp-json\/wp\/v2\/media?parent=7357"}],"wp:term":[{"taxonomy":"category","embeddable":true,"href":"https:\/\/agora.xtec.cat\/zer-pedrera\/wp-json\/wp\/v2\/categories?post=7357"},{"taxonomy":"post_tag","embeddable":true,"href":"https:\/\/agora.xtec.cat\/zer-pedrera\/wp-json\/wp\/v2\/tags?post=7357"}],"curies":[{"name":"wp","href":"https:\/\/api.w.org\/{rel}","templated":true}]}}