{"id":7344,"date":"2023-11-10T11:36:26","date_gmt":"2023-11-10T10:36:26","guid":{"rendered":"https:\/\/agora.xtec.cat\/zer-pedrera\/?p=7344"},"modified":"2023-11-10T11:36:26","modified_gmt":"2023-11-10T10:36:26","slug":"ei-de-lescola-abat-ruera-matematiques-i-entorn","status":"publish","type":"post","link":"https:\/\/agora.xtec.cat\/zer-pedrera\/general\/ei-de-lescola-abat-ruera-matematiques-i-entorn\/","title":{"rendered":"EI de l&#8217;escola Abat Ruera. Matem\u00e0tiques i entorn"},"content":{"rendered":"<p>L&#8217;entorn m\u00e9s proper sempre ens proporciona recursos per treballar els continguts del curr\u00edculum. Aquesta setmana l&#8217;alumnat d&#8217;Educaci\u00f3 Infantil han fet servir fruits de la tardor per treballar conceptes com les seriacions, la numeraci\u00f3 i la geometria. El millor aprenentatge sempre est\u00e0 en l&#8217;entorn m\u00e9s proper.<\/p>\n<p style=\"text-align: center;\"><a href=\"https:\/\/agora.xtec.cat\/zer-pedrera\/wp-content\/uploads\/usu1473\/2023\/11\/1699117870700.jpg\"><img loading=\"lazy\" decoding=\"async\" class=\"alignnone size-large wp-image-7346\" src=\"https:\/\/agora.xtec.cat\/zer-pedrera\/wp-content\/uploads\/usu1473\/2023\/11\/1699117870700-683x1024.jpg\" alt=\"\" width=\"683\" height=\"1024\" srcset=\"https:\/\/agora.xtec.cat\/zer-pedrera\/wp-content\/uploads\/usu1473\/2023\/11\/1699117870700-683x1024.jpg 683w, https:\/\/agora.xtec.cat\/zer-pedrera\/wp-content\/uploads\/usu1473\/2023\/11\/1699117870700-200x300.jpg 200w, https:\/\/agora.xtec.cat\/zer-pedrera\/wp-content\/uploads\/usu1473\/2023\/11\/1699117870700-768x1152.jpg 768w, https:\/\/agora.xtec.cat\/zer-pedrera\/wp-content\/uploads\/usu1473\/2023\/11\/1699117870700-1024x1536.jpg 1024w, https:\/\/agora.xtec.cat\/zer-pedrera\/wp-content\/uploads\/usu1473\/2023\/11\/1699117870700.jpg 1152w\" sizes=\"auto, (max-width: 683px) 100vw, 683px\" \/><\/a><\/p>\n<p>&nbsp;<\/p>\n<p>&nbsp;<\/p>\n","protected":false},"excerpt":{"rendered":"<p>L&#8217;entorn m\u00e9s proper sempre ens proporciona recursos per treballar els continguts del curr\u00edculum. Aquesta setmana l&#8217;alumnat d&#8217;Educaci\u00f3 Infantil han fet servir fruits de la tardor per treballar conceptes com les seriacions, la numeraci\u00f3 i la geometria. El millor aprenentatge sempre est\u00e0 en l&#8217;entorn m\u00e9s proper.<br \/>\n<a&hellip;  <a href=\"https:\/\/agora.xtec.cat\/zer-pedrera\/general\/ei-de-lescola-abat-ruera-matematiques-i-entorn\/\" title=\"Read EI de l&#8217;escola Abat Ruera. Matem\u00e0tiques i entorn\">Llegeix m\u00e9s\u00bb<\/a><\/p>\n","protected":false},"author":1,"featured_media":7346,"comment_status":"open","ping_status":"closed","sticky":false,"template":"","format":"standard","meta":{"_bbp_topic_count":0,"_bbp_reply_count":0,"_bbp_total_topic_count":0,"_bbp_total_reply_count":0,"_bbp_voice_count":0,"_bbp_anonymous_reply_count":0,"_bbp_topic_count_hidden":0,"_bbp_reply_count_hidden":0,"_bbp_forum_subforum_count":0,"footnotes":""},"categories":[113,110,1,126,29],"tags":[],"class_list":["post-7344","post","type-post","status-publish","format-standard","has-post-thumbnail","hentry","category-e-infantil","category-escola-abat-ruera","category-general","category-matematiques","category-portada"],"post_mailing_queue_ids":[],"_links":{"self":[{"href":"https:\/\/agora.xtec.cat\/zer-pedrera\/wp-json\/wp\/v2\/posts\/7344","targetHints":{"allow":["GET"]}}],"collection":[{"href":"https:\/\/agora.xtec.cat\/zer-pedrera\/wp-json\/wp\/v2\/posts"}],"about":[{"href":"https:\/\/agora.xtec.cat\/zer-pedrera\/wp-json\/wp\/v2\/types\/post"}],"author":[{"embeddable":true,"href":"https:\/\/agora.xtec.cat\/zer-pedrera\/wp-json\/wp\/v2\/users\/1"}],"replies":[{"embeddable":true,"href":"https:\/\/agora.xtec.cat\/zer-pedrera\/wp-json\/wp\/v2\/comments?post=7344"}],"version-history":[{"count":2,"href":"https:\/\/agora.xtec.cat\/zer-pedrera\/wp-json\/wp\/v2\/posts\/7344\/revisions"}],"predecessor-version":[{"id":7347,"href":"https:\/\/agora.xtec.cat\/zer-pedrera\/wp-json\/wp\/v2\/posts\/7344\/revisions\/7347"}],"wp:featuredmedia":[{"embeddable":true,"href":"https:\/\/agora.xtec.cat\/zer-pedrera\/wp-json\/wp\/v2\/media\/7346"}],"wp:attachment":[{"href":"https:\/\/agora.xtec.cat\/zer-pedrera\/wp-json\/wp\/v2\/media?parent=7344"}],"wp:term":[{"taxonomy":"category","embeddable":true,"href":"https:\/\/agora.xtec.cat\/zer-pedrera\/wp-json\/wp\/v2\/categories?post=7344"},{"taxonomy":"post_tag","embeddable":true,"href":"https:\/\/agora.xtec.cat\/zer-pedrera\/wp-json\/wp\/v2\/tags?post=7344"}],"curies":[{"name":"wp","href":"https:\/\/api.w.org\/{rel}","templated":true}]}}