{"id":7328,"date":"2023-11-06T14:56:41","date_gmt":"2023-11-06T13:56:41","guid":{"rendered":"https:\/\/agora.xtec.cat\/zer-pedrera\/?p=7328"},"modified":"2023-11-06T14:56:41","modified_gmt":"2023-11-06T13:56:41","slug":"ed-infantil-porcel-de-cervera-experimentem-amb-figues","status":"publish","type":"post","link":"https:\/\/agora.xtec.cat\/zer-pedrera\/general\/ed-infantil-porcel-de-cervera-experimentem-amb-figues\/","title":{"rendered":"Ed. Infantil Porcel de Cervera. Experimentem amb figues"},"content":{"rendered":"<p><span style=\"font-weight: 400;\">Aprofitant que era el temps de les figues un dia a infantil en vam esmorzar. <\/span><span style=\"font-weight: 400;\">Despr\u00e9s de gaudir-les for\u00e7a vam decidir investigar les que no ens hav\u00edem menjat. Vam experimentar amb la textura, la pell, el color\u2026 i per acabar vam aconseguir treure les llavors amb unes pinces, ja que son molt delicades i les vam plantar.<\/span><\/p>\n<p><span style=\"font-weight: 400;\">Tant de bo tinguem sort i ens surtin figueres!!!<\/span><\/p>\n<p><a href=\"https:\/\/photos.app.goo.gl\/aqnaz599woetryJ57\"><img loading=\"lazy\" decoding=\"async\" class=\"wp-image-7329 aligncenter\" src=\"https:\/\/agora.xtec.cat\/zer-pedrera\/wp-content\/uploads\/usu1473\/2023\/11\/portda-figues.jpg\" alt=\"\" width=\"167\" height=\"125\" srcset=\"https:\/\/agora.xtec.cat\/zer-pedrera\/wp-content\/uploads\/usu1473\/2023\/11\/portda-figues.jpg 1024w, https:\/\/agora.xtec.cat\/zer-pedrera\/wp-content\/uploads\/usu1473\/2023\/11\/portda-figues-300x225.jpg 300w, https:\/\/agora.xtec.cat\/zer-pedrera\/wp-content\/uploads\/usu1473\/2023\/11\/portda-figues-768x576.jpg 768w, https:\/\/agora.xtec.cat\/zer-pedrera\/wp-content\/uploads\/usu1473\/2023\/11\/portda-figues-200x150.jpg 200w\" sizes=\"auto, (max-width: 167px) 100vw, 167px\" \/><\/a><\/p>\n","protected":false},"excerpt":{"rendered":"<p>Aprofitant que era el temps de les figues un dia a infantil en vam esmorzar. Despr\u00e9s de gaudir-les for\u00e7a vam decidir investigar les que no ens hav\u00edem menjat. Vam experimentar amb la textura, la pell, el color\u2026 i per acabar vam aconseguir treure les llavors&hellip;  <a href=\"https:\/\/agora.xtec.cat\/zer-pedrera\/general\/ed-infantil-porcel-de-cervera-experimentem-amb-figues\/\" title=\"Read Ed. Infantil Porcel de Cervera. Experimentem amb figues\">Llegeix m\u00e9s\u00bb<\/a><\/p>\n","protected":false},"author":1,"featured_media":7329,"comment_status":"open","ping_status":"closed","sticky":false,"template":"","format":"standard","meta":{"_bbp_topic_count":0,"_bbp_reply_count":0,"_bbp_total_topic_count":0,"_bbp_total_reply_count":0,"_bbp_voice_count":0,"_bbp_anonymous_reply_count":0,"_bbp_topic_count_hidden":0,"_bbp_reply_count_hidden":0,"_bbp_forum_subforum_count":0,"footnotes":""},"categories":[113,111,1,29,89],"tags":[],"class_list":["post-7328","post","type-post","status-publish","format-standard","has-post-thumbnail","hentry","category-e-infantil","category-escola-porcel-de-cervera","category-general","category-portada","category-primaria"],"post_mailing_queue_ids":[],"_links":{"self":[{"href":"https:\/\/agora.xtec.cat\/zer-pedrera\/wp-json\/wp\/v2\/posts\/7328","targetHints":{"allow":["GET"]}}],"collection":[{"href":"https:\/\/agora.xtec.cat\/zer-pedrera\/wp-json\/wp\/v2\/posts"}],"about":[{"href":"https:\/\/agora.xtec.cat\/zer-pedrera\/wp-json\/wp\/v2\/types\/post"}],"author":[{"embeddable":true,"href":"https:\/\/agora.xtec.cat\/zer-pedrera\/wp-json\/wp\/v2\/users\/1"}],"replies":[{"embeddable":true,"href":"https:\/\/agora.xtec.cat\/zer-pedrera\/wp-json\/wp\/v2\/comments?post=7328"}],"version-history":[{"count":2,"href":"https:\/\/agora.xtec.cat\/zer-pedrera\/wp-json\/wp\/v2\/posts\/7328\/revisions"}],"predecessor-version":[{"id":7350,"href":"https:\/\/agora.xtec.cat\/zer-pedrera\/wp-json\/wp\/v2\/posts\/7328\/revisions\/7350"}],"wp:featuredmedia":[{"embeddable":true,"href":"https:\/\/agora.xtec.cat\/zer-pedrera\/wp-json\/wp\/v2\/media\/7329"}],"wp:attachment":[{"href":"https:\/\/agora.xtec.cat\/zer-pedrera\/wp-json\/wp\/v2\/media?parent=7328"}],"wp:term":[{"taxonomy":"category","embeddable":true,"href":"https:\/\/agora.xtec.cat\/zer-pedrera\/wp-json\/wp\/v2\/categories?post=7328"},{"taxonomy":"post_tag","embeddable":true,"href":"https:\/\/agora.xtec.cat\/zer-pedrera\/wp-json\/wp\/v2\/tags?post=7328"}],"curies":[{"name":"wp","href":"https:\/\/api.w.org\/{rel}","templated":true}]}}