{"id":7325,"date":"2023-11-06T14:53:59","date_gmt":"2023-11-06T13:53:59","guid":{"rendered":"https:\/\/agora.xtec.cat\/zer-pedrera\/?p=7325"},"modified":"2023-11-06T14:53:59","modified_gmt":"2023-11-06T13:53:59","slug":"treball-de-reconeixement-del-nom-propi-a-ed-infantil-porcel-de-cervera","status":"publish","type":"post","link":"https:\/\/agora.xtec.cat\/zer-pedrera\/general\/treball-de-reconeixement-del-nom-propi-a-ed-infantil-porcel-de-cervera\/","title":{"rendered":"Treball de reconeixement del nom propi a Ed. Infantil. Porcel de Cervera."},"content":{"rendered":"<p>Al llarg del curs s\u00f3n moltes les activitats que fem amb els nens i nenes m\u00e9s petits, i recon\u00e8ixer el seu propi nom primer i despr\u00e9s els dels companys -es \u00e9s una de les m\u00e9s importants per iniciar-se en aquesta vida en comunitat. Estem aprenent moltes maneres diferents i divertides de fer-ho! En aquest cas hem escrit el nostre nom d&#8217;una manera molt curiosa, primer l\u2019hem escrit i despr\u00e9s amb cola blanca l\u2019hem repassat i damunt hem tirat sal fina. Hem fet una mica de m\u00e0gia i amb una goteta d\u2019aigua i pintura hem pintat el nom.<br \/>\nHa quedat molt vist\u00f3s i amb relleu.<a href=\"https:\/\/photos.app.goo.gl\/UmMw9azYGXHBxPXQA\"><img loading=\"lazy\" decoding=\"async\" class=\"wp-image-7326 aligncenter\" src=\"https:\/\/agora.xtec.cat\/zer-pedrera\/wp-content\/uploads\/usu1473\/2023\/11\/portada-nom.jpg\" alt=\"\" width=\"137\" height=\"103\" srcset=\"https:\/\/agora.xtec.cat\/zer-pedrera\/wp-content\/uploads\/usu1473\/2023\/11\/portada-nom.jpg 1024w, https:\/\/agora.xtec.cat\/zer-pedrera\/wp-content\/uploads\/usu1473\/2023\/11\/portada-nom-300x225.jpg 300w, https:\/\/agora.xtec.cat\/zer-pedrera\/wp-content\/uploads\/usu1473\/2023\/11\/portada-nom-768x576.jpg 768w, https:\/\/agora.xtec.cat\/zer-pedrera\/wp-content\/uploads\/usu1473\/2023\/11\/portada-nom-200x150.jpg 200w\" sizes=\"auto, (max-width: 137px) 100vw, 137px\" \/><\/a><\/p>\n","protected":false},"excerpt":{"rendered":"<p>Al llarg del curs s\u00f3n moltes les activitats que fem amb els nens i nenes m\u00e9s petits, i recon\u00e8ixer el seu propi nom primer i despr\u00e9s els dels companys -es \u00e9s una de les m\u00e9s importants per iniciar-se en aquesta vida en comunitat. Estem aprenent&hellip;  <a href=\"https:\/\/agora.xtec.cat\/zer-pedrera\/general\/treball-de-reconeixement-del-nom-propi-a-ed-infantil-porcel-de-cervera\/\" title=\"Read Treball de reconeixement del nom propi a Ed. Infantil. Porcel de Cervera.\">Llegeix m\u00e9s\u00bb<\/a><\/p>\n","protected":false},"author":1,"featured_media":7326,"comment_status":"open","ping_status":"closed","sticky":false,"template":"","format":"standard","meta":{"_bbp_topic_count":0,"_bbp_reply_count":0,"_bbp_total_topic_count":0,"_bbp_total_reply_count":0,"_bbp_voice_count":0,"_bbp_anonymous_reply_count":0,"_bbp_topic_count_hidden":0,"_bbp_reply_count_hidden":0,"_bbp_forum_subforum_count":0,"footnotes":""},"categories":[113,111,1,29,89],"tags":[],"class_list":["post-7325","post","type-post","status-publish","format-standard","has-post-thumbnail","hentry","category-e-infantil","category-escola-porcel-de-cervera","category-general","category-portada","category-primaria"],"post_mailing_queue_ids":[],"_links":{"self":[{"href":"https:\/\/agora.xtec.cat\/zer-pedrera\/wp-json\/wp\/v2\/posts\/7325","targetHints":{"allow":["GET"]}}],"collection":[{"href":"https:\/\/agora.xtec.cat\/zer-pedrera\/wp-json\/wp\/v2\/posts"}],"about":[{"href":"https:\/\/agora.xtec.cat\/zer-pedrera\/wp-json\/wp\/v2\/types\/post"}],"author":[{"embeddable":true,"href":"https:\/\/agora.xtec.cat\/zer-pedrera\/wp-json\/wp\/v2\/users\/1"}],"replies":[{"embeddable":true,"href":"https:\/\/agora.xtec.cat\/zer-pedrera\/wp-json\/wp\/v2\/comments?post=7325"}],"version-history":[{"count":3,"href":"https:\/\/agora.xtec.cat\/zer-pedrera\/wp-json\/wp\/v2\/posts\/7325\/revisions"}],"predecessor-version":[{"id":7349,"href":"https:\/\/agora.xtec.cat\/zer-pedrera\/wp-json\/wp\/v2\/posts\/7325\/revisions\/7349"}],"wp:featuredmedia":[{"embeddable":true,"href":"https:\/\/agora.xtec.cat\/zer-pedrera\/wp-json\/wp\/v2\/media\/7326"}],"wp:attachment":[{"href":"https:\/\/agora.xtec.cat\/zer-pedrera\/wp-json\/wp\/v2\/media?parent=7325"}],"wp:term":[{"taxonomy":"category","embeddable":true,"href":"https:\/\/agora.xtec.cat\/zer-pedrera\/wp-json\/wp\/v2\/categories?post=7325"},{"taxonomy":"post_tag","embeddable":true,"href":"https:\/\/agora.xtec.cat\/zer-pedrera\/wp-json\/wp\/v2\/tags?post=7325"}],"curies":[{"name":"wp","href":"https:\/\/api.w.org\/{rel}","templated":true}]}}