{"id":7316,"date":"2023-11-25T18:22:57","date_gmt":"2023-11-25T17:22:57","guid":{"rendered":"https:\/\/agora.xtec.cat\/zer-pedrera\/?p=7316"},"modified":"2023-11-25T18:22:57","modified_gmt":"2023-11-25T17:22:57","slug":"raco-de-la-tardor-a-ed-infantil","status":"publish","type":"post","link":"https:\/\/agora.xtec.cat\/zer-pedrera\/general\/raco-de-la-tardor-a-ed-infantil\/","title":{"rendered":"Rac\u00f3 de la tardor a Ed. Infantil"},"content":{"rendered":"<p><span style=\"font-weight: 400;\">Quan arriba la tardor, el nostre entorn s&#8217;envolta de colors i de fruits de temporada que no podem gaudir durant la resta de l&#8217;any. A l&#8217;escola ens agrada molt aquest moment m\u00e0gic i per aix\u00f2 els m\u00e9s petitons hem volgut crear el nostre propi rac\u00f3 de la tardor. Durant uns dies hem sortit a l&#8217;entorn a observar i agafar elements per plenar el nostre rac\u00f3, i d&#8217;altres els alumnes els han portat de casa. Fruites, fruits secs i fulles han estat els protagonistes. Un cop constru\u00eft el rac\u00f3 hem estat observant les seves caracter\u00edstiques, si son durs o tous,\u00a0 si s\u00f3n comestibles, si es poden menjar crus o cuits&#8230; Ens encanta experimentar amb tots aquest elements i cada cop en sabem m\u00e9s.<\/span><\/p>\n<p><a href=\"https:\/\/agora.xtec.cat\/zer-pedrera\/wp-content\/uploads\/usu1473\/2023\/11\/raco-tardor.jpg\"><img loading=\"lazy\" decoding=\"async\" class=\"wp-image-7317 aligncenter\" src=\"https:\/\/agora.xtec.cat\/zer-pedrera\/wp-content\/uploads\/usu1473\/2023\/11\/raco-tardor-1016x1024.jpg\" alt=\"\" width=\"300\" height=\"302\" srcset=\"https:\/\/agora.xtec.cat\/zer-pedrera\/wp-content\/uploads\/usu1473\/2023\/11\/raco-tardor-1016x1024.jpg 1016w, https:\/\/agora.xtec.cat\/zer-pedrera\/wp-content\/uploads\/usu1473\/2023\/11\/raco-tardor-298x300.jpg 298w, https:\/\/agora.xtec.cat\/zer-pedrera\/wp-content\/uploads\/usu1473\/2023\/11\/raco-tardor-150x150.jpg 150w, https:\/\/agora.xtec.cat\/zer-pedrera\/wp-content\/uploads\/usu1473\/2023\/11\/raco-tardor-768x774.jpg 768w, https:\/\/agora.xtec.cat\/zer-pedrera\/wp-content\/uploads\/usu1473\/2023\/11\/raco-tardor.jpg 1024w\" sizes=\"auto, (max-width: 300px) 100vw, 300px\" \/><\/a><\/p>\n<p>&nbsp;<\/p>\n","protected":false},"excerpt":{"rendered":"<p>Quan arriba la tardor, el nostre entorn s&#8217;envolta de colors i de fruits de temporada que no podem gaudir durant la resta de l&#8217;any. A l&#8217;escola ens agrada molt aquest moment m\u00e0gic i per aix\u00f2 els m\u00e9s petitons hem volgut crear el nostre propi rac\u00f3&hellip;  <a href=\"https:\/\/agora.xtec.cat\/zer-pedrera\/general\/raco-de-la-tardor-a-ed-infantil\/\" title=\"Read Rac\u00f3 de la tardor a Ed. Infantil\">Llegeix m\u00e9s\u00bb<\/a><\/p>\n","protected":false},"author":1,"featured_media":7317,"comment_status":"open","ping_status":"closed","sticky":false,"template":"","format":"standard","meta":{"_bbp_topic_count":0,"_bbp_reply_count":0,"_bbp_total_topic_count":0,"_bbp_total_reply_count":0,"_bbp_voice_count":0,"_bbp_anonymous_reply_count":0,"_bbp_topic_count_hidden":0,"_bbp_reply_count_hidden":0,"_bbp_forum_subforum_count":0,"footnotes":""},"categories":[113,111,1,29],"tags":[],"class_list":["post-7316","post","type-post","status-publish","format-standard","has-post-thumbnail","hentry","category-e-infantil","category-escola-porcel-de-cervera","category-general","category-portada"],"post_mailing_queue_ids":[],"_links":{"self":[{"href":"https:\/\/agora.xtec.cat\/zer-pedrera\/wp-json\/wp\/v2\/posts\/7316","targetHints":{"allow":["GET"]}}],"collection":[{"href":"https:\/\/agora.xtec.cat\/zer-pedrera\/wp-json\/wp\/v2\/posts"}],"about":[{"href":"https:\/\/agora.xtec.cat\/zer-pedrera\/wp-json\/wp\/v2\/types\/post"}],"author":[{"embeddable":true,"href":"https:\/\/agora.xtec.cat\/zer-pedrera\/wp-json\/wp\/v2\/users\/1"}],"replies":[{"embeddable":true,"href":"https:\/\/agora.xtec.cat\/zer-pedrera\/wp-json\/wp\/v2\/comments?post=7316"}],"version-history":[{"count":2,"href":"https:\/\/agora.xtec.cat\/zer-pedrera\/wp-json\/wp\/v2\/posts\/7316\/revisions"}],"predecessor-version":[{"id":7426,"href":"https:\/\/agora.xtec.cat\/zer-pedrera\/wp-json\/wp\/v2\/posts\/7316\/revisions\/7426"}],"wp:featuredmedia":[{"embeddable":true,"href":"https:\/\/agora.xtec.cat\/zer-pedrera\/wp-json\/wp\/v2\/media\/7317"}],"wp:attachment":[{"href":"https:\/\/agora.xtec.cat\/zer-pedrera\/wp-json\/wp\/v2\/media?parent=7316"}],"wp:term":[{"taxonomy":"category","embeddable":true,"href":"https:\/\/agora.xtec.cat\/zer-pedrera\/wp-json\/wp\/v2\/categories?post=7316"},{"taxonomy":"post_tag","embeddable":true,"href":"https:\/\/agora.xtec.cat\/zer-pedrera\/wp-json\/wp\/v2\/tags?post=7316"}],"curies":[{"name":"wp","href":"https:\/\/api.w.org\/{rel}","templated":true}]}}