{"id":7313,"date":"2023-11-11T12:03:55","date_gmt":"2023-11-11T11:03:55","guid":{"rendered":"https:\/\/agora.xtec.cat\/zer-pedrera\/?p=7313"},"modified":"2023-11-13T13:34:21","modified_gmt":"2023-11-13T12:34:21","slug":"xerrada-prevencio-assetjament-entre-iguals-cm-i-cs-porcel-de-cervera","status":"publish","type":"post","link":"https:\/\/agora.xtec.cat\/zer-pedrera\/general\/xerrada-prevencio-assetjament-entre-iguals-cm-i-cs-porcel-de-cervera\/","title":{"rendered":"Xerrada prevenci\u00f3 assetjament entre iguals CM i CS. Porcel de Cervera"},"content":{"rendered":"<p>Com cada curs, els mossos d&#8217; Esquadra, amb la intenci\u00f3 de col\u00b7laborar amb l&#8217;educaci\u00f3 dels nostres infants i des de la seva experi\u00e8ncia venen a l&#8217;escola a fer un seguit de xerrades i activitats preventives. Aquest curs els primers alumnes en gaudir d&#8217;aquestes activitats ha estat el grup de CM\u00a0 i CS ja que el passat dimecres 17 d&#8217; octubre, el nostre agent de refer\u00e8ncia, va venir a l&#8217;escola a fer un taller per prevenir l&#8217;assetjament entre iguals. Com sempre aquest va ser molt enriquidor i tot l&#8217;alumnat va gaudir molt entusiasmat de la xerrada. L&#8217;objectiu d&#8217;aquestes sempre \u00e9s l&#8217;empoderar el nostre alumnat i donar-los eines per saber com prevenir o actuar en cassos de discriminaci\u00f3, assetjament&#8230; ja sigui perqu\u00e8 en s\u00f3n v\u00edctimes o coneixedors-es.<\/p>\n<p>Moltes gr\u00e0cies als Mossos d&#8217;Esquadra per les seves col\u00b7laboracions a la nostra escola.<\/p>\n<p><a href=\"https:\/\/photos.app.goo.gl\/j1rqAqKPmLfToyKQ8\"><img loading=\"lazy\" decoding=\"async\" class=\"wp-image-7314 aligncenter\" src=\"https:\/\/agora.xtec.cat\/zer-pedrera\/wp-content\/uploads\/usu1473\/2023\/11\/portada-assetjamnet.jpg\" alt=\"\" width=\"137\" height=\"63\" srcset=\"https:\/\/agora.xtec.cat\/zer-pedrera\/wp-content\/uploads\/usu1473\/2023\/11\/portada-assetjamnet.jpg 1024w, https:\/\/agora.xtec.cat\/zer-pedrera\/wp-content\/uploads\/usu1473\/2023\/11\/portada-assetjamnet-300x139.jpg 300w, https:\/\/agora.xtec.cat\/zer-pedrera\/wp-content\/uploads\/usu1473\/2023\/11\/portada-assetjamnet-768x355.jpg 768w\" sizes=\"auto, (max-width: 137px) 100vw, 137px\" \/><\/a><\/p>\n","protected":false},"excerpt":{"rendered":"<p>Com cada curs, els mossos d&#8217; Esquadra, amb la intenci\u00f3 de col\u00b7laborar amb l&#8217;educaci\u00f3 dels nostres infants i des de la seva experi\u00e8ncia venen a l&#8217;escola a fer un seguit de xerrades i activitats preventives. Aquest curs els primers alumnes en gaudir d&#8217;aquestes activitats ha&hellip;  <a href=\"https:\/\/agora.xtec.cat\/zer-pedrera\/general\/xerrada-prevencio-assetjament-entre-iguals-cm-i-cs-porcel-de-cervera\/\" title=\"Read Xerrada prevenci\u00f3 assetjament entre iguals CM i CS. Porcel de Cervera\">Llegeix m\u00e9s\u00bb<\/a><\/p>\n","protected":false},"author":1,"featured_media":7314,"comment_status":"open","ping_status":"closed","sticky":false,"template":"","format":"standard","meta":{"_bbp_topic_count":0,"_bbp_reply_count":0,"_bbp_total_topic_count":0,"_bbp_total_reply_count":0,"_bbp_voice_count":0,"_bbp_anonymous_reply_count":0,"_bbp_topic_count_hidden":0,"_bbp_reply_count_hidden":0,"_bbp_forum_subforum_count":0,"footnotes":""},"categories":[111,1,29,89,122],"tags":[],"class_list":["post-7313","post","type-post","status-publish","format-standard","has-post-thumbnail","hentry","category-escola-porcel-de-cervera","category-general","category-portada","category-primaria","category-valors"],"post_mailing_queue_ids":[],"_links":{"self":[{"href":"https:\/\/agora.xtec.cat\/zer-pedrera\/wp-json\/wp\/v2\/posts\/7313","targetHints":{"allow":["GET"]}}],"collection":[{"href":"https:\/\/agora.xtec.cat\/zer-pedrera\/wp-json\/wp\/v2\/posts"}],"about":[{"href":"https:\/\/agora.xtec.cat\/zer-pedrera\/wp-json\/wp\/v2\/types\/post"}],"author":[{"embeddable":true,"href":"https:\/\/agora.xtec.cat\/zer-pedrera\/wp-json\/wp\/v2\/users\/1"}],"replies":[{"embeddable":true,"href":"https:\/\/agora.xtec.cat\/zer-pedrera\/wp-json\/wp\/v2\/comments?post=7313"}],"version-history":[{"count":2,"href":"https:\/\/agora.xtec.cat\/zer-pedrera\/wp-json\/wp\/v2\/posts\/7313\/revisions"}],"predecessor-version":[{"id":7424,"href":"https:\/\/agora.xtec.cat\/zer-pedrera\/wp-json\/wp\/v2\/posts\/7313\/revisions\/7424"}],"wp:featuredmedia":[{"embeddable":true,"href":"https:\/\/agora.xtec.cat\/zer-pedrera\/wp-json\/wp\/v2\/media\/7314"}],"wp:attachment":[{"href":"https:\/\/agora.xtec.cat\/zer-pedrera\/wp-json\/wp\/v2\/media?parent=7313"}],"wp:term":[{"taxonomy":"category","embeddable":true,"href":"https:\/\/agora.xtec.cat\/zer-pedrera\/wp-json\/wp\/v2\/categories?post=7313"},{"taxonomy":"post_tag","embeddable":true,"href":"https:\/\/agora.xtec.cat\/zer-pedrera\/wp-json\/wp\/v2\/tags?post=7313"}],"curies":[{"name":"wp","href":"https:\/\/api.w.org\/{rel}","templated":true}]}}