{"id":7271,"date":"2023-11-05T18:52:19","date_gmt":"2023-11-05T17:52:19","guid":{"rendered":"https:\/\/agora.xtec.cat\/zer-pedrera\/?p=7271"},"modified":"2023-11-05T18:52:19","modified_gmt":"2023-11-05T17:52:19","slug":"ei-i-ci-de-lescola-abat-ruera-xerrada-a-carrec-de-juli-muro","status":"publish","type":"post","link":"https:\/\/agora.xtec.cat\/zer-pedrera\/general\/ei-i-ci-de-lescola-abat-ruera-xerrada-a-carrec-de-juli-muro\/","title":{"rendered":"EI i CI de l&#8217;escola Abat Ruera. Xerrada a c\u00e0rrec de Juli Muro"},"content":{"rendered":"<p>El dijous dia 19 d&#8217;octubre el senyor Juli Muro va venir a l&#8217;escola a explicar a l&#8217;alumnat d&#8217;Educaci\u00f3 Infantil i Cicle Inicial els fets m\u00e9s importants de la hist\u00f2ria de Puiggr\u00f2s, concretament de l&#8217;esgl\u00e9sia i del castell.<br \/>\nHem d&#8217;agrair la\u00a0col\u00b7laboraci\u00f3\u00a0del Juli i les ganes i entusiasme que va posar en la xerrada.<br \/>\nPer veure m\u00e9s fotografies clicar damunt de la imatge.<\/p>\n<p><a href=\"https:\/\/photos.app.goo.gl\/2bxAfBxb5vnn4Vm89\" target=\"_blank\" rel=\"noopener\"><img loading=\"lazy\" decoding=\"async\" class=\"alignnone size-large wp-image-7273\" src=\"https:\/\/agora.xtec.cat\/zer-pedrera\/wp-content\/uploads\/usu1473\/2023\/10\/1698005741836-1024x579.jpg\" alt=\"\" width=\"1024\" height=\"579\" srcset=\"https:\/\/agora.xtec.cat\/zer-pedrera\/wp-content\/uploads\/usu1473\/2023\/10\/1698005741836-1024x579.jpg 1024w, https:\/\/agora.xtec.cat\/zer-pedrera\/wp-content\/uploads\/usu1473\/2023\/10\/1698005741836-300x170.jpg 300w, https:\/\/agora.xtec.cat\/zer-pedrera\/wp-content\/uploads\/usu1473\/2023\/10\/1698005741836-768x434.jpg 768w, https:\/\/agora.xtec.cat\/zer-pedrera\/wp-content\/uploads\/usu1473\/2023\/10\/1698005741836.jpg 1446w\" sizes=\"auto, (max-width: 1024px) 100vw, 1024px\" \/><\/a><\/p>\n<p>&nbsp;<\/p>\n<p>&nbsp;<\/p>\n","protected":false},"excerpt":{"rendered":"<p>El dijous dia 19 d&#8217;octubre el senyor Juli Muro va venir a l&#8217;escola a explicar a l&#8217;alumnat d&#8217;Educaci\u00f3 Infantil i Cicle Inicial els fets m\u00e9s importants de la hist\u00f2ria de Puiggr\u00f2s, concretament de l&#8217;esgl\u00e9sia i del castell.<br \/>\nHem d&#8217;agrair la\u00a0col\u00b7laboraci\u00f3\u00a0del Juli i les ganes i entusiasme&hellip;  <a href=\"https:\/\/agora.xtec.cat\/zer-pedrera\/general\/ei-i-ci-de-lescola-abat-ruera-xerrada-a-carrec-de-juli-muro\/\" title=\"Read EI i CI de l&#8217;escola Abat Ruera. Xerrada a c\u00e0rrec de Juli Muro\">Llegeix m\u00e9s\u00bb<\/a><\/p>\n","protected":false},"author":1,"featured_media":7273,"comment_status":"open","ping_status":"closed","sticky":false,"template":"","format":"standard","meta":{"_bbp_topic_count":0,"_bbp_reply_count":0,"_bbp_total_topic_count":0,"_bbp_total_reply_count":0,"_bbp_voice_count":0,"_bbp_anonymous_reply_count":0,"_bbp_topic_count_hidden":0,"_bbp_reply_count_hidden":0,"_bbp_forum_subforum_count":0,"footnotes":""},"categories":[113,110,1,116,29,89,120],"tags":[],"class_list":["post-7271","post","type-post","status-publish","format-standard","has-post-thumbnail","hentry","category-e-infantil","category-escola-abat-ruera","category-general","category-medi","category-portada","category-primaria","category-projectes"],"post_mailing_queue_ids":[],"_links":{"self":[{"href":"https:\/\/agora.xtec.cat\/zer-pedrera\/wp-json\/wp\/v2\/posts\/7271","targetHints":{"allow":["GET"]}}],"collection":[{"href":"https:\/\/agora.xtec.cat\/zer-pedrera\/wp-json\/wp\/v2\/posts"}],"about":[{"href":"https:\/\/agora.xtec.cat\/zer-pedrera\/wp-json\/wp\/v2\/types\/post"}],"author":[{"embeddable":true,"href":"https:\/\/agora.xtec.cat\/zer-pedrera\/wp-json\/wp\/v2\/users\/1"}],"replies":[{"embeddable":true,"href":"https:\/\/agora.xtec.cat\/zer-pedrera\/wp-json\/wp\/v2\/comments?post=7271"}],"version-history":[{"count":3,"href":"https:\/\/agora.xtec.cat\/zer-pedrera\/wp-json\/wp\/v2\/posts\/7271\/revisions"}],"predecessor-version":[{"id":7275,"href":"https:\/\/agora.xtec.cat\/zer-pedrera\/wp-json\/wp\/v2\/posts\/7271\/revisions\/7275"}],"wp:featuredmedia":[{"embeddable":true,"href":"https:\/\/agora.xtec.cat\/zer-pedrera\/wp-json\/wp\/v2\/media\/7273"}],"wp:attachment":[{"href":"https:\/\/agora.xtec.cat\/zer-pedrera\/wp-json\/wp\/v2\/media?parent=7271"}],"wp:term":[{"taxonomy":"category","embeddable":true,"href":"https:\/\/agora.xtec.cat\/zer-pedrera\/wp-json\/wp\/v2\/categories?post=7271"},{"taxonomy":"post_tag","embeddable":true,"href":"https:\/\/agora.xtec.cat\/zer-pedrera\/wp-json\/wp\/v2\/tags?post=7271"}],"curies":[{"name":"wp","href":"https:\/\/api.w.org\/{rel}","templated":true}]}}