{"id":7252,"date":"2023-10-20T13:02:07","date_gmt":"2023-10-20T11:02:07","guid":{"rendered":"https:\/\/agora.xtec.cat\/zer-pedrera\/?p=7252"},"modified":"2023-10-20T13:02:07","modified_gmt":"2023-10-20T11:02:07","slug":"ei-de-lescola-abat-ruera-observem-lavio","status":"publish","type":"post","link":"https:\/\/agora.xtec.cat\/zer-pedrera\/general\/ei-de-lescola-abat-ruera-observem-lavio\/","title":{"rendered":"EI de l&#8217;escola Abat Ruera. Observem l&#8217;avi\u00f3!!!"},"content":{"rendered":"<p>El Ramon, el pilot que va venir a l&#8217;escola a explicar el funcionament dels avions, va portar una maqueta a escala d&#8217;un avi\u00f3 aut\u00e8ntic. L&#8217;alumnat d&#8217;Educaci\u00f3 Infantil van poder gaudir de l&#8217;experi\u00e8ncia d&#8217;observar i jugar amb la maqueta. S&#8217;ho van passar d&#8217;all\u00f2 m\u00e9s b\u00e9!!!<\/p>\n<p style=\"text-align: center;\"><a href=\"https:\/\/agora.xtec.cat\/zer-pedrera\/wp-content\/uploads\/usu1473\/2023\/10\/1697657406603.jpg\"><img loading=\"lazy\" decoding=\"async\" class=\"alignnone size-large wp-image-7254\" src=\"https:\/\/agora.xtec.cat\/zer-pedrera\/wp-content\/uploads\/usu1473\/2023\/10\/1697657406603-639x1024.jpg\" alt=\"\" width=\"639\" height=\"1024\" srcset=\"https:\/\/agora.xtec.cat\/zer-pedrera\/wp-content\/uploads\/usu1473\/2023\/10\/1697657406603-639x1024.jpg 639w, https:\/\/agora.xtec.cat\/zer-pedrera\/wp-content\/uploads\/usu1473\/2023\/10\/1697657406603-187x300.jpg 187w, https:\/\/agora.xtec.cat\/zer-pedrera\/wp-content\/uploads\/usu1473\/2023\/10\/1697657406603-768x1231.jpg 768w, https:\/\/agora.xtec.cat\/zer-pedrera\/wp-content\/uploads\/usu1473\/2023\/10\/1697657406603-958x1536.jpg 958w, https:\/\/agora.xtec.cat\/zer-pedrera\/wp-content\/uploads\/usu1473\/2023\/10\/1697657406603.jpg 998w\" sizes=\"auto, (max-width: 639px) 100vw, 639px\" \/><\/a><\/p>\n","protected":false},"excerpt":{"rendered":"<p>El Ramon, el pilot que va venir a l&#8217;escola a explicar el funcionament dels avions, va portar una maqueta a escala d&#8217;un avi\u00f3 aut\u00e8ntic. L&#8217;alumnat d&#8217;Educaci\u00f3 Infantil van poder gaudir de l&#8217;experi\u00e8ncia d&#8217;observar i jugar amb la maqueta. S&#8217;ho van passar d&#8217;all\u00f2 m\u00e9s b\u00e9!!!<br \/>\n<a href=\"https:\/\/agora.xtec.cat\/zer-pedrera\/wp-content\/uploads\/usu1473\/2023\/10\/1697657406603.jpg\"><\/a><\/p>\n","protected":false},"author":1,"featured_media":7254,"comment_status":"open","ping_status":"closed","sticky":false,"template":"","format":"standard","meta":{"_bbp_topic_count":0,"_bbp_reply_count":0,"_bbp_total_topic_count":0,"_bbp_total_reply_count":0,"_bbp_voice_count":0,"_bbp_anonymous_reply_count":0,"_bbp_topic_count_hidden":0,"_bbp_reply_count_hidden":0,"_bbp_forum_subforum_count":0,"footnotes":""},"categories":[113,110,1,116,29,120],"tags":[],"class_list":["post-7252","post","type-post","status-publish","format-standard","has-post-thumbnail","hentry","category-e-infantil","category-escola-abat-ruera","category-general","category-medi","category-portada","category-projectes"],"post_mailing_queue_ids":[],"_links":{"self":[{"href":"https:\/\/agora.xtec.cat\/zer-pedrera\/wp-json\/wp\/v2\/posts\/7252","targetHints":{"allow":["GET"]}}],"collection":[{"href":"https:\/\/agora.xtec.cat\/zer-pedrera\/wp-json\/wp\/v2\/posts"}],"about":[{"href":"https:\/\/agora.xtec.cat\/zer-pedrera\/wp-json\/wp\/v2\/types\/post"}],"author":[{"embeddable":true,"href":"https:\/\/agora.xtec.cat\/zer-pedrera\/wp-json\/wp\/v2\/users\/1"}],"replies":[{"embeddable":true,"href":"https:\/\/agora.xtec.cat\/zer-pedrera\/wp-json\/wp\/v2\/comments?post=7252"}],"version-history":[{"count":2,"href":"https:\/\/agora.xtec.cat\/zer-pedrera\/wp-json\/wp\/v2\/posts\/7252\/revisions"}],"predecessor-version":[{"id":7255,"href":"https:\/\/agora.xtec.cat\/zer-pedrera\/wp-json\/wp\/v2\/posts\/7252\/revisions\/7255"}],"wp:featuredmedia":[{"embeddable":true,"href":"https:\/\/agora.xtec.cat\/zer-pedrera\/wp-json\/wp\/v2\/media\/7254"}],"wp:attachment":[{"href":"https:\/\/agora.xtec.cat\/zer-pedrera\/wp-json\/wp\/v2\/media?parent=7252"}],"wp:term":[{"taxonomy":"category","embeddable":true,"href":"https:\/\/agora.xtec.cat\/zer-pedrera\/wp-json\/wp\/v2\/categories?post=7252"},{"taxonomy":"post_tag","embeddable":true,"href":"https:\/\/agora.xtec.cat\/zer-pedrera\/wp-json\/wp\/v2\/tags?post=7252"}],"curies":[{"name":"wp","href":"https:\/\/api.w.org\/{rel}","templated":true}]}}