{"id":7247,"date":"2023-10-20T13:02:50","date_gmt":"2023-10-20T11:02:50","guid":{"rendered":"https:\/\/agora.xtec.cat\/zer-pedrera\/?p=7247"},"modified":"2023-10-20T13:03:25","modified_gmt":"2023-10-20T11:03:25","slug":"ep-de-lescola-abat-ruera-un-pilot-a-lescola","status":"publish","type":"post","link":"https:\/\/agora.xtec.cat\/zer-pedrera\/general\/ep-de-lescola-abat-ruera-un-pilot-a-lescola\/","title":{"rendered":"EP de l&#8217;escola Abat Ruera. Un pilot a l&#8217;escola"},"content":{"rendered":"<p>L&#8217;alumnat de Prim\u00e0ria han pogut gaudir de la visita d&#8217;un pilot, el Ramon. Des de la sisena \u00e0rea curricular de Ci\u00e8ncies Experimentals els nens i nenes estan treballant conceptes com la gravetat, la fricci\u00f3 de l&#8217;aire o la pressi\u00f3 atmosf\u00e8rica a trav\u00e9s d&#8217;una pregunta; per qu\u00e8 volen els avions?<br \/>\nLi agra\u00efm molt al Ramon que hagi pogut venir a l&#8217;escola a donar-nos resposta a tots els dubtes generats durant aquests dies. Tenir a l&#8217;aula un pilot d&#8217;avi\u00f3 ha generat molt entusiasme i curiositat entre tot el nostre alumnat. Alguns ja volien ser pilots de grans!!!<br \/>\nPer veure fotografies de l&#8217;activitat clicar damunt de la imatge.<\/p>\n<p style=\"text-align: center;\"><a href=\"https:\/\/photos.app.goo.gl\/DdYZHhYYJEapF71W6\" target=\"_blank\" rel=\"noopener\"><img loading=\"lazy\" decoding=\"async\" class=\"alignnone size-full wp-image-7249\" src=\"https:\/\/agora.xtec.cat\/zer-pedrera\/wp-content\/uploads\/usu1473\/2023\/10\/1697614816062.jpg\" alt=\"\" width=\"400\" height=\"300\" srcset=\"https:\/\/agora.xtec.cat\/zer-pedrera\/wp-content\/uploads\/usu1473\/2023\/10\/1697614816062.jpg 400w, https:\/\/agora.xtec.cat\/zer-pedrera\/wp-content\/uploads\/usu1473\/2023\/10\/1697614816062-300x225.jpg 300w, https:\/\/agora.xtec.cat\/zer-pedrera\/wp-content\/uploads\/usu1473\/2023\/10\/1697614816062-200x150.jpg 200w\" sizes=\"auto, (max-width: 400px) 100vw, 400px\" \/><\/a><\/p>\n<p>&nbsp;<\/p>\n","protected":false},"excerpt":{"rendered":"<p>L&#8217;alumnat de Prim\u00e0ria han pogut gaudir de la visita d&#8217;un pilot, el Ramon. Des de la sisena \u00e0rea curricular de Ci\u00e8ncies Experimentals els nens i nenes estan treballant conceptes com la gravetat, la fricci\u00f3 de l&#8217;aire o la pressi\u00f3 atmosf\u00e8rica a trav\u00e9s d&#8217;una pregunta; per&hellip;  <a href=\"https:\/\/agora.xtec.cat\/zer-pedrera\/general\/ep-de-lescola-abat-ruera-un-pilot-a-lescola\/\" title=\"Read EP de l&#8217;escola Abat Ruera. Un pilot a l&#8217;escola\">Llegeix m\u00e9s\u00bb<\/a><\/p>\n","protected":false},"author":1,"featured_media":7249,"comment_status":"open","ping_status":"closed","sticky":false,"template":"","format":"standard","meta":{"_bbp_topic_count":0,"_bbp_reply_count":0,"_bbp_total_topic_count":0,"_bbp_total_reply_count":0,"_bbp_voice_count":0,"_bbp_anonymous_reply_count":0,"_bbp_topic_count_hidden":0,"_bbp_reply_count_hidden":0,"_bbp_forum_subforum_count":0,"footnotes":""},"categories":[110,1,116,29,89,120],"tags":[],"class_list":["post-7247","post","type-post","status-publish","format-standard","has-post-thumbnail","hentry","category-escola-abat-ruera","category-general","category-medi","category-portada","category-primaria","category-projectes"],"post_mailing_queue_ids":[],"_links":{"self":[{"href":"https:\/\/agora.xtec.cat\/zer-pedrera\/wp-json\/wp\/v2\/posts\/7247","targetHints":{"allow":["GET"]}}],"collection":[{"href":"https:\/\/agora.xtec.cat\/zer-pedrera\/wp-json\/wp\/v2\/posts"}],"about":[{"href":"https:\/\/agora.xtec.cat\/zer-pedrera\/wp-json\/wp\/v2\/types\/post"}],"author":[{"embeddable":true,"href":"https:\/\/agora.xtec.cat\/zer-pedrera\/wp-json\/wp\/v2\/users\/1"}],"replies":[{"embeddable":true,"href":"https:\/\/agora.xtec.cat\/zer-pedrera\/wp-json\/wp\/v2\/comments?post=7247"}],"version-history":[{"count":3,"href":"https:\/\/agora.xtec.cat\/zer-pedrera\/wp-json\/wp\/v2\/posts\/7247\/revisions"}],"predecessor-version":[{"id":7251,"href":"https:\/\/agora.xtec.cat\/zer-pedrera\/wp-json\/wp\/v2\/posts\/7247\/revisions\/7251"}],"wp:featuredmedia":[{"embeddable":true,"href":"https:\/\/agora.xtec.cat\/zer-pedrera\/wp-json\/wp\/v2\/media\/7249"}],"wp:attachment":[{"href":"https:\/\/agora.xtec.cat\/zer-pedrera\/wp-json\/wp\/v2\/media?parent=7247"}],"wp:term":[{"taxonomy":"category","embeddable":true,"href":"https:\/\/agora.xtec.cat\/zer-pedrera\/wp-json\/wp\/v2\/categories?post=7247"},{"taxonomy":"post_tag","embeddable":true,"href":"https:\/\/agora.xtec.cat\/zer-pedrera\/wp-json\/wp\/v2\/tags?post=7247"}],"curies":[{"name":"wp","href":"https:\/\/api.w.org\/{rel}","templated":true}]}}