{"id":7235,"date":"2023-10-16T14:08:35","date_gmt":"2023-10-16T12:08:35","guid":{"rendered":"https:\/\/agora.xtec.cat\/zer-pedrera\/?p=7235"},"modified":"2023-10-16T14:13:47","modified_gmt":"2023-10-16T12:13:47","slug":"contacontes-ei-ci-cm-i-cs-porcel-de-cervera","status":"publish","type":"post","link":"https:\/\/agora.xtec.cat\/zer-pedrera\/general\/contacontes-ei-ci-cm-i-cs-porcel-de-cervera\/","title":{"rendered":"Contacontes EI, CI, CM i CS Porcel de cervera."},"content":{"rendered":"<p>Els nens i nenes de tota l&#8217;escola van poder gaudir a l\u2019escola del contacontes titulat Sara Sareta. Van riure i aprendre molt amb tots els contes que ens van explicar les titelles.<\/p>\n<p>Agra\u00efm molt a la biblioteca per apropar-nos a l\u2019escola el plaer de la lectura i els contes, i a m\u00e9s ens van explicar que existeix un carnet gratu\u00eft on podem disposar de molts llibres durant la visita del bibliobus o anat a qualsevol biblioteca p\u00fablica de Catalunya.<\/p>\n<p><a href=\"https:\/\/photos.app.goo.gl\/J8ZuCDVnd3Seqq4C8\">FOTOS<\/a> aqu\u00ed.<\/p>\n","protected":false},"excerpt":{"rendered":"<p>Els nens i nenes de tota l&#8217;escola van poder gaudir a l\u2019escola del contacontes titulat Sara Sareta. Van riure i aprendre molt amb tots els contes que ens van explicar les titelles.<br \/>\nAgra\u00efm molt a la biblioteca per apropar-nos a l\u2019escola el plaer de la lectura&hellip;  <a href=\"https:\/\/agora.xtec.cat\/zer-pedrera\/general\/contacontes-ei-ci-cm-i-cs-porcel-de-cervera\/\" title=\"Read Contacontes EI, CI, CM i CS Porcel de cervera.\">Llegeix m\u00e9s\u00bb<\/a><\/p>\n","protected":false},"author":1,"featured_media":7245,"comment_status":"open","ping_status":"closed","sticky":false,"template":"","format":"standard","meta":{"_bbp_topic_count":0,"_bbp_reply_count":0,"_bbp_total_topic_count":0,"_bbp_total_reply_count":0,"_bbp_voice_count":0,"_bbp_anonymous_reply_count":0,"_bbp_topic_count_hidden":0,"_bbp_reply_count_hidden":0,"_bbp_forum_subforum_count":0,"footnotes":""},"categories":[111,1,29,89],"tags":[],"class_list":["post-7235","post","type-post","status-publish","format-standard","has-post-thumbnail","hentry","category-escola-porcel-de-cervera","category-general","category-portada","category-primaria"],"post_mailing_queue_ids":[],"_links":{"self":[{"href":"https:\/\/agora.xtec.cat\/zer-pedrera\/wp-json\/wp\/v2\/posts\/7235","targetHints":{"allow":["GET"]}}],"collection":[{"href":"https:\/\/agora.xtec.cat\/zer-pedrera\/wp-json\/wp\/v2\/posts"}],"about":[{"href":"https:\/\/agora.xtec.cat\/zer-pedrera\/wp-json\/wp\/v2\/types\/post"}],"author":[{"embeddable":true,"href":"https:\/\/agora.xtec.cat\/zer-pedrera\/wp-json\/wp\/v2\/users\/1"}],"replies":[{"embeddable":true,"href":"https:\/\/agora.xtec.cat\/zer-pedrera\/wp-json\/wp\/v2\/comments?post=7235"}],"version-history":[{"count":4,"href":"https:\/\/agora.xtec.cat\/zer-pedrera\/wp-json\/wp\/v2\/posts\/7235\/revisions"}],"predecessor-version":[{"id":7246,"href":"https:\/\/agora.xtec.cat\/zer-pedrera\/wp-json\/wp\/v2\/posts\/7235\/revisions\/7246"}],"wp:featuredmedia":[{"embeddable":true,"href":"https:\/\/agora.xtec.cat\/zer-pedrera\/wp-json\/wp\/v2\/media\/7245"}],"wp:attachment":[{"href":"https:\/\/agora.xtec.cat\/zer-pedrera\/wp-json\/wp\/v2\/media?parent=7235"}],"wp:term":[{"taxonomy":"category","embeddable":true,"href":"https:\/\/agora.xtec.cat\/zer-pedrera\/wp-json\/wp\/v2\/categories?post=7235"},{"taxonomy":"post_tag","embeddable":true,"href":"https:\/\/agora.xtec.cat\/zer-pedrera\/wp-json\/wp\/v2\/tags?post=7235"}],"curies":[{"name":"wp","href":"https:\/\/api.w.org\/{rel}","templated":true}]}}